{"id":142539,"date":"2022-03-07T12:37:00","date_gmt":"2022-03-07T17:37:00","guid":{"rendered":"https:\/\/linitiative.ca\/International\/tunisiennes-tunisiens-ne-perdez-pas-la-foi-en-la-democratie\/"},"modified":"2022-03-07T12:37:00","modified_gmt":"2022-03-07T17:37:00","slug":"tunisiennes-tunisiens-ne-perdez-pas-la-foi-en-la-democratie","status":"publish","type":"post","link":"https:\/\/linitiative.ca\/International\/tunisiennes-tunisiens-ne-perdez-pas-la-foi-en-la-democratie\/","title":{"rendered":"Tunisiennes, tunisiens : Ne perdez pas la foi en la d\u00e9mocratie !"},"content":{"rendered":"<div><img decoding=\"async\" src=\"https:\/\/linitiative.ca\/International\/wp-content\/uploads\/sites\/23\/2022\/03\/1646675995_article.jpg\" alt=\"Tunisiennes, tunisiens : Ne perdez pas la foi en la d\u00e9mocratie !\" align=\"left\">Par Nidhal Mekki &#8211; La guerre d\u00e9clench\u00e9e, il y a quelques jours, par la Russie contre l\u2019Ukraine a enflamm\u00e9, et enflamme toujours, les r\u00e9seaux sociaux en Tunisie. On a droit \u00e0 tout : des prises de positions, des analyses plus ou moins s\u00e9rieuses, des d\u00e9bats et des \u00e9changes muscl\u00e9s, des invectives et des insultes jusqu\u2019aux accusations ! L\u2019opinion publique tunisienne et les positions qu\u2019elle prend compte pour du beurre ou presque en ce qui concerne le cours des \u00e9v\u00e8nements \u00e0 l\u2019\u00e9chelle du monde et notamment quand il s\u2019agit des conflits entre puissances. Mais nos positions sont d\u2019une grande importance pour la culture politique que nous entendons inculquer \u00e0 notre &#8230;<\/p>\n<\/div>\n<p>Auteur:<br \/>\n<a href=\"https:\/\/www.leaders.com.tn\/article\/33061-tunisiennes-tunisiens-ne-perdez-pas-la-foi-en-la-democratie\">Cliquez ici pour lire l&rsquo;article depuis sa source.<\/a><\/p>\n","protected":false},"excerpt":{"rendered":"<p>Par Nidhal Mekki &#8211; La guerre d\u00e9clench\u00e9e, il y a quelques jours, par la Russie contre l\u2019Ukraine a enflamm\u00e9, et enflamme toujours, les r\u00e9seaux sociaux en Tunisie. On a droit \u00e0 tout : des prises de positions, des analyses plus ou moins s\u00e9rieuses, des d\u00e9bats et des \u00e9changes muscl\u00e9s, des invectives et des insultes jusqu\u2019aux [&hellip;]<\/p>\n","protected":false},"author":1772,"featured_media":0,"comment_status":"closed","ping_status":"closed","sticky":false,"template":"","format":"standard","meta":{"fifu_image_url":"http:\/\/www.leaders.com.tn\/uploads\/content\/thumbnails_small\/1646675995_article.jpg","fifu_image_alt":"Tunisiennes, tunisiens : Ne perdez pas la foi en la d\u00e9mocratie !","footnotes":""},"categories":[73,55],"tags":[],"class_list":["post-142539","post","type-post","status-publish","format-standard","hentry","category-actualite","category-tunisie"],"_links":{"self":[{"href":"https:\/\/linitiative.ca\/International\/wp-json\/wp\/v2\/posts\/142539","targetHints":{"allow":["GET"]}}],"collection":[{"href":"https:\/\/linitiative.ca\/International\/wp-json\/wp\/v2\/posts"}],"about":[{"href":"https:\/\/linitiative.ca\/International\/wp-json\/wp\/v2\/types\/post"}],"author":[{"embeddable":true,"href":"https:\/\/linitiative.ca\/International\/wp-json\/wp\/v2\/users\/1772"}],"replies":[{"embeddable":true,"href":"https:\/\/linitiative.ca\/International\/wp-json\/wp\/v2\/comments?post=142539"}],"version-history":[{"count":0,"href":"https:\/\/linitiative.ca\/International\/wp-json\/wp\/v2\/posts\/142539\/revisions"}],"wp:attachment":[{"href":"https:\/\/linitiative.ca\/International\/wp-json\/wp\/v2\/media?parent=142539"}],"wp:term":[{"taxonomy":"category","embeddable":true,"href":"https:\/\/linitiative.ca\/International\/wp-json\/wp\/v2\/categories?post=142539"},{"taxonomy":"post_tag","embeddable":true,"href":"https:\/\/linitiative.ca\/International\/wp-json\/wp\/v2\/tags?post=142539"}],"curies":[{"name":"wp","href":"https:\/\/api.w.org\/{rel}","templated":true}]}}