{"id":14254,"date":"2019-02-14T15:13:57","date_gmt":"2019-02-14T20:13:57","guid":{"rendered":"https:\/\/linitiative.ca\/International\/international-as-monaco-vasilyev-cest-officiel\/"},"modified":"2019-02-14T15:13:57","modified_gmt":"2019-02-14T20:13:57","slug":"international-as-monaco-vasilyev-cest-officiel","status":"publish","type":"post","link":"https:\/\/linitiative.ca\/International\/international-as-monaco-vasilyev-cest-officiel\/","title":{"rendered":"International : AS Monaco : Vasilyev, c&rsquo;est officiel !"},"content":{"rendered":"<div readability=\"32\">\n<p>Auteur : <span class=\"time\">jeudi 14 f\u00e9vrier 2019 17:56<\/span><\/p>\n<\/div>\n<div id=\"post_core\" readability=\"57\">\n<p>Vadim Vasilyev n&rsquo;est plus le vice-pr\u00e9sident de l&rsquo;AS Monaco. Le club de la Principaut\u00e9 vient d&rsquo;officialiser son d\u00e9part par le biais d&rsquo;un communiqu\u00e9 du pr\u00e9sident Dmitry Rybolovlev: \u00ab\u00a0Pendant les six ann\u00e9es au cours desquelles Vadim Vasilyev a travaill\u00e9 \u00e0 l\u2019AS Monaco nous avons parcouru, ensemble, un long chemin. Nous avons connu de nombreux succ\u00e8s : notre \u00e9quipe est mont\u00e9e sur le podium de la Ligue 1 cinq fois, pour la premi\u00e8re fois depuis 17 ans le Club a remport\u00e9 le championnat de France, et a acc\u00e9d\u00e9 aux demi-finales de la Ligue des Champions. Cependant, des erreurs importantes ont \u00e9t\u00e9 commises l\u2019ann\u00e9e derni\u00e8re, ce qui nous a men\u00e9s aux pires r\u00e9sultats sportifs que le club ait connus depuis sept ans\u00a0\u00bb, peut-on lire.<\/p>\n<p>\u00ab\u00a0R\u00e9cemment, je me suis investi activement pour g\u00e9rer et r\u00e9gler les probl\u00e8mes du Club, poursuit Rybolovlev. J\u2019ai pris un nombre de d\u00e9cisions qui ont \u00e9t\u00e9 difficiles, mais n\u00e9cessaires, \u00e0 mon avis. J\u2019ai notamment tenu personnellement \u00e0 appeler Leonardo Jardim et \u00e0 lui pr\u00e9senter des excuses pour l\u2019erreur commise au mois d\u2019octobre. Je lui ai ainsi demand\u00e9 de revenir au Club pour diriger l\u2019\u00e9quipe et j\u2019ai valid\u00e9 toutes ses propositions sur les arriv\u00e9es de nouveaux joueurs durant le mercato hivernal. C\u2019est le temps des changements. Et ces changements ne touchent pas que l\u2019effectif, mais \u00e9galement les dirigeants. J\u2019ai ainsi pris une d\u00e9cision qui est tr\u00e8s dure pour moi. Celle de lib\u00e9rer Vadim Vasilyev de ses fonctions de vice-pr\u00e9sident et directeur g\u00e9n\u00e9ral du Club. Je lui suis tr\u00e8s reconnaissant pour tout ce qu\u2019il a fait pour notre Club et lui souhaite tout le meilleur pour la suite.\u00a0\u00bb<\/p>\n<p>Un nouveau candidat sera pr\u00e9sent\u00e9 au conseil d&rsquo;administration de l\u2019AS Monaco le 22 f\u00e9vrier prochain rapporte Maxifoot.fr.<\/p>\n<p><strong>Publi\u00e9 dans :<\/strong> <span>as monaco<\/span> <span>Vasilyev<\/span><\/p>\n<\/div>\n<p>Auteur:<br \/>\n<a href=\"http:\/\/www.lebuteur.com\/article\/detail?titre=as-monaco-vasilyev-cest-officiel&#038;id=86388&#038;utm_source=feedburner&#038;utm_medium=feed&#038;utm_campaign=Feed%3A+GalerieFArtciles+%28Les+derniers+articles++-+lebuteur.com%29\">Cliquez ici pour lire l&rsquo;article depuis sa source.<\/a><\/p>\n","protected":false},"excerpt":{"rendered":"<p>Auteur : jeudi 14 f\u00e9vrier 2019 17:56 Vadim Vasilyev n&rsquo;est plus le vice-pr\u00e9sident de l&rsquo;AS Monaco. Le club de la Principaut\u00e9 vient d&rsquo;officialiser son d\u00e9part par le biais d&rsquo;un communiqu\u00e9 du pr\u00e9sident Dmitry Rybolovlev: \u00ab\u00a0Pendant les six ann\u00e9es au cours desquelles Vadim Vasilyev a travaill\u00e9 \u00e0 l\u2019AS Monaco nous avons parcouru, ensemble, un long chemin. [&hellip;]<\/p>\n","protected":false},"author":1738,"featured_media":14255,"comment_status":"closed","ping_status":"closed","sticky":false,"template":"","format":"standard","meta":{"fifu_image_url":"","fifu_image_alt":"","footnotes":""},"categories":[53,75],"tags":[],"class_list":["post-14254","post","type-post","status-publish","format-standard","has-post-thumbnail","hentry","category-algerie","category-sport"],"_links":{"self":[{"href":"https:\/\/linitiative.ca\/International\/wp-json\/wp\/v2\/posts\/14254","targetHints":{"allow":["GET"]}}],"collection":[{"href":"https:\/\/linitiative.ca\/International\/wp-json\/wp\/v2\/posts"}],"about":[{"href":"https:\/\/linitiative.ca\/International\/wp-json\/wp\/v2\/types\/post"}],"author":[{"embeddable":true,"href":"https:\/\/linitiative.ca\/International\/wp-json\/wp\/v2\/users\/1738"}],"replies":[{"embeddable":true,"href":"https:\/\/linitiative.ca\/International\/wp-json\/wp\/v2\/comments?post=14254"}],"version-history":[{"count":0,"href":"https:\/\/linitiative.ca\/International\/wp-json\/wp\/v2\/posts\/14254\/revisions"}],"wp:featuredmedia":[{"embeddable":true,"href":"https:\/\/linitiative.ca\/International\/wp-json\/"}],"wp:attachment":[{"href":"https:\/\/linitiative.ca\/International\/wp-json\/wp\/v2\/media?parent=14254"}],"wp:term":[{"taxonomy":"category","embeddable":true,"href":"https:\/\/linitiative.ca\/International\/wp-json\/wp\/v2\/categories?post=14254"},{"taxonomy":"post_tag","embeddable":true,"href":"https:\/\/linitiative.ca\/International\/wp-json\/wp\/v2\/tags?post=14254"}],"curies":[{"name":"wp","href":"https:\/\/api.w.org\/{rel}","templated":true}]}}