{"id":142547,"date":"2022-03-07T15:06:08","date_gmt":"2022-03-07T20:06:08","guid":{"rendered":"https:\/\/linitiative.ca\/International\/mobilite-electrique-accor-installe-plusieurs-superchargeurs-tesla-dans-ses-plateformes-hotelieres\/"},"modified":"2022-03-07T15:06:08","modified_gmt":"2022-03-07T20:06:08","slug":"mobilite-electrique-accor-installe-plusieurs-superchargeurs-tesla-dans-ses-plateformes-hotelieres","status":"publish","type":"post","link":"https:\/\/linitiative.ca\/International\/mobilite-electrique-accor-installe-plusieurs-superchargeurs-tesla-dans-ses-plateformes-hotelieres\/","title":{"rendered":"Mobilit\u00e9 \u00e9lectrique. Accor installe plusieurs Superchargeurs Tesla dans ses plateformes h\u00f4teli\u00e8res"},"content":{"rendered":"<div><img decoding=\"async\" width=\"600\" height=\"363\" src=\"https:\/\/linitiative.ca\/International\/wp-content\/uploads\/sites\/23\/2022\/03\/superchargeurs-tesla-600-x-363.jpg\" class=\"attachment-post-thumbnail size-post-thumbnail wp-post-image\" alt=\"\" loading=\"lazy\" srcset=\"https:\/\/linitiative.ca\/International\/wp-content\/uploads\/sites\/23\/2022\/03\/superchargeurs-tesla-600-x-363.jpg 600w, https:\/\/www.challenge.ma\/wp-content\/uploads\/2022\/03\/superchargeurs-tesla-600-x-363-300x182.jpg 300w, https:\/\/www.challenge.ma\/wp-content\/uploads\/2022\/03\/superchargeurs-tesla-600-x-363-360x218.jpg 360w\" sizes=\"auto, (max-width: 600px) 100vw, 600px\" itemprop=\"image\">Accor vient r\u00e9cemment de doter trois de ses h\u00f4tels dans le Royaume de Superchargeurs estampill\u00e9s Tesla. Ainsi, les propri\u00e9taires d\u2019un mod\u00e8le de la marque ch\u00e8re \u00e0 Elon Musk peuvent recharger leurs engins en quelques minutes, avec une puissance de recharge pouvant aller jusqu\u2019\u00e0 150 kW. Concr\u00e8tement, ces 12 bornes de<\/div>\n<p>Auteur: challenge<br \/>\n<a href=\"https:\/\/www.challenge.ma\/mobilite-electrique-accor-installe-plusieurs-superchargeurs-tesla-dans-ses-plateformes-hotelieres-233873\/\">Cliquez ici pour lire l&rsquo;article depuis sa source.<\/a><\/p>\n","protected":false},"excerpt":{"rendered":"<p>Accor vient r\u00e9cemment de doter trois de ses h\u00f4tels dans le Royaume de Superchargeurs estampill\u00e9s Tesla. Ainsi, les propri\u00e9taires d\u2019un mod\u00e8le de la marque ch\u00e8re \u00e0 Elon Musk peuvent recharger leurs engins en quelques minutes, avec une puissance de recharge pouvant aller jusqu\u2019\u00e0 150 kW. Concr\u00e8tement, ces 12 bornes de Auteur: challenge Cliquez ici pour [&hellip;]<\/p>\n","protected":false},"author":1787,"featured_media":0,"comment_status":"closed","ping_status":"closed","sticky":false,"template":"","format":"standard","meta":{"fifu_image_url":"https:\/\/www.challenge.ma\/wp-content\/uploads\/2022\/03\/superchargeurs-tesla-600-x-363.jpg","fifu_image_alt":"Mobilit\u00e9 \u00e9lectrique. Accor installe plusieurs Superchargeurs Tesla dans ses plateformes h\u00f4teli\u00e8res","footnotes":""},"categories":[78,54],"tags":[],"class_list":["post-142547","post","type-post","status-publish","format-standard","hentry","category-economie","category-maroc"],"_links":{"self":[{"href":"https:\/\/linitiative.ca\/International\/wp-json\/wp\/v2\/posts\/142547","targetHints":{"allow":["GET"]}}],"collection":[{"href":"https:\/\/linitiative.ca\/International\/wp-json\/wp\/v2\/posts"}],"about":[{"href":"https:\/\/linitiative.ca\/International\/wp-json\/wp\/v2\/types\/post"}],"author":[{"embeddable":true,"href":"https:\/\/linitiative.ca\/International\/wp-json\/wp\/v2\/users\/1787"}],"replies":[{"embeddable":true,"href":"https:\/\/linitiative.ca\/International\/wp-json\/wp\/v2\/comments?post=142547"}],"version-history":[{"count":0,"href":"https:\/\/linitiative.ca\/International\/wp-json\/wp\/v2\/posts\/142547\/revisions"}],"wp:attachment":[{"href":"https:\/\/linitiative.ca\/International\/wp-json\/wp\/v2\/media?parent=142547"}],"wp:term":[{"taxonomy":"category","embeddable":true,"href":"https:\/\/linitiative.ca\/International\/wp-json\/wp\/v2\/categories?post=142547"},{"taxonomy":"post_tag","embeddable":true,"href":"https:\/\/linitiative.ca\/International\/wp-json\/wp\/v2\/tags?post=142547"}],"curies":[{"name":"wp","href":"https:\/\/api.w.org\/{rel}","templated":true}]}}