{"id":142552,"date":"2022-03-07T16:59:57","date_gmt":"2022-03-07T21:59:57","guid":{"rendered":"https:\/\/linitiative.ca\/International\/tunisie-ministere-de-linterieur-levee-de-lassignation-a-residence-surveillee-contre-bhiri-et-beldi\/"},"modified":"2022-03-07T16:59:57","modified_gmt":"2022-03-07T21:59:57","slug":"tunisie-ministere-de-linterieur-levee-de-lassignation-a-residence-surveillee-contre-bhiri-et-beldi","status":"publish","type":"post","link":"https:\/\/linitiative.ca\/International\/tunisie-ministere-de-linterieur-levee-de-lassignation-a-residence-surveillee-contre-bhiri-et-beldi\/","title":{"rendered":"Tunisie-Minist\u00e8re de l\u2019Int\u00e9rieur : Lev\u00e9e de l\u2019assignation \u00e0 r\u00e9sidence surveill\u00e9e contre Bhiri et Beldi"},"content":{"rendered":"<div>\n<p>Dans un communiqu\u00e9 publi\u00e9 ce lundi soir, 07 mars 2022, sur sa page, le minist\u00e8re de l\u2019Int\u00e9rieur a fait savoir qu\u2019apr\u00e8s avoir ex\u00e9cut\u00e9 deux d\u00e9cisions d\u2019assignation \u00e0 r\u00e9sidence le vendredi 31 d\u00e9cembre 2021 \u00e0 l\u2019encontre de \u201cdeux personnes\u201d au sujet desquelles il y a eu des informations sur \u201d la suspicion de leur implication dans [\u2026]<\/p>\n<p>L\u2019article <a href=\"https:\/\/www.tunisienumerique.com\/tunisie-ministere-de-linterieur-levee-de-lassignation-a-residence-surveillee-contre-bhiri-et-beldi\/\">Tunisie-Minist\u00e8re de l\u2019Int\u00e9rieur : Lev\u00e9e de l\u2019assignation \u00e0 r\u00e9sidence surveill\u00e9e contre Bhiri et Beldi<\/a> est apparu en premier sur <a href=\"https:\/\/www.tunisienumerique.com\/\">Tunisie<\/a>.<\/p>\n<\/div>\n<p>Auteur: rania ben slimane<br \/>\n<a href=\"https:\/\/www.tunisienumerique.com\/tunisie-ministere-de-linterieur-levee-de-lassignation-a-residence-surveillee-contre-bhiri-et-beldi\/\">Cliquez ici pour lire l&rsquo;article depuis sa source.<\/a><\/p>\n","protected":false},"excerpt":{"rendered":"<p>Dans un communiqu\u00e9 publi\u00e9 ce lundi soir, 07 mars 2022, sur sa page, le minist\u00e8re de l\u2019Int\u00e9rieur a fait savoir qu\u2019apr\u00e8s avoir ex\u00e9cut\u00e9 deux d\u00e9cisions d\u2019assignation \u00e0 r\u00e9sidence le vendredi 31 d\u00e9cembre 2021 \u00e0 l\u2019encontre de \u201cdeux personnes\u201d au sujet desquelles il y a eu des informations sur \u201d la suspicion de leur implication dans [&hellip;]<\/p>\n","protected":false},"author":1789,"featured_media":0,"comment_status":"closed","ping_status":"closed","sticky":false,"template":"","format":"standard","meta":{"fifu_image_url":"","fifu_image_alt":"","footnotes":""},"categories":[73,55],"tags":[],"class_list":["post-142552","post","type-post","status-publish","format-standard","hentry","category-actualite","category-tunisie"],"_links":{"self":[{"href":"https:\/\/linitiative.ca\/International\/wp-json\/wp\/v2\/posts\/142552","targetHints":{"allow":["GET"]}}],"collection":[{"href":"https:\/\/linitiative.ca\/International\/wp-json\/wp\/v2\/posts"}],"about":[{"href":"https:\/\/linitiative.ca\/International\/wp-json\/wp\/v2\/types\/post"}],"author":[{"embeddable":true,"href":"https:\/\/linitiative.ca\/International\/wp-json\/wp\/v2\/users\/1789"}],"replies":[{"embeddable":true,"href":"https:\/\/linitiative.ca\/International\/wp-json\/wp\/v2\/comments?post=142552"}],"version-history":[{"count":0,"href":"https:\/\/linitiative.ca\/International\/wp-json\/wp\/v2\/posts\/142552\/revisions"}],"wp:attachment":[{"href":"https:\/\/linitiative.ca\/International\/wp-json\/wp\/v2\/media?parent=142552"}],"wp:term":[{"taxonomy":"category","embeddable":true,"href":"https:\/\/linitiative.ca\/International\/wp-json\/wp\/v2\/categories?post=142552"},{"taxonomy":"post_tag","embeddable":true,"href":"https:\/\/linitiative.ca\/International\/wp-json\/wp\/v2\/tags?post=142552"}],"curies":[{"name":"wp","href":"https:\/\/api.w.org\/{rel}","templated":true}]}}