{"id":142556,"date":"2022-03-07T11:33:27","date_gmt":"2022-03-07T16:33:27","guid":{"rendered":"https:\/\/linitiative.ca\/International\/8-mars-2022-les-burkinabe-nont-pas-le-coeur-a-la-fete\/"},"modified":"2022-03-07T11:33:27","modified_gmt":"2022-03-07T16:33:27","slug":"8-mars-2022-les-burkinabe-nont-pas-le-coeur-a-la-fete","status":"publish","type":"post","link":"https:\/\/linitiative.ca\/International\/8-mars-2022-les-burkinabe-nont-pas-le-coeur-a-la-fete\/","title":{"rendered":"8 MARS 2022 : Les Burkinab\u00e8 n\u2019ont pas le c\u0153ur \u00e0 la f\u00eate"},"content":{"rendered":"<div>\n<p><img loading=\"lazy\" decoding=\"async\" width=\"800\" height=\"532\" src=\"https:\/\/linitiative.ca\/International\/wp-content\/uploads\/sites\/23\/2022\/03\/8-MARS.jpg\" class=\"attachment- size- wp-post-image\" alt=\"\" style=\"float:left; margin:0 15px 15px 0;\" srcset=\"https:\/\/linitiative.ca\/International\/wp-content\/uploads\/sites\/23\/2022\/03\/8-MARS.jpg 800w, https:\/\/lepays.bf\/wp-content\/uploads\/2022\/03\/8-MARS-300x200.jpg 300w, https:\/\/lepays.bf\/wp-content\/uploads\/2022\/03\/8-MARS-768x511.jpg 768w, https:\/\/lepays.bf\/wp-content\/uploads\/2022\/03\/8-MARS-128x86.jpg 128w\" sizes=\"auto, (max-width: 800px) 100vw, 800px\">Le Burkina Faso, \u00e0 l\u2019instar des autres pays du monde entier, c\u00e9l\u00e8bre aujourd\u2019hui, 8-Mars, la Journ\u00e9e internationale de la femme. C\u2019est presque devenu une tradition. Sauf que cette ann\u00e9e, cet \u00e9v\u00e9nement qui met \u00e0 l\u2019honneur la femme, intervient dans un contexte sociopolitique particulier. Il y [\u2026]<\/p>\n<p>L\u2019article <a rel=\"nofollow\" href=\"https:\/\/lepays.bf\/8-mars-2022-les-burkinabe-nont-pas-le-coeur-a-la-fete\/\">8 MARS 2022 : Les Burkinab\u00e8 n\u2019ont pas le c\u0153ur \u00e0 la f\u00eate<\/a> est apparu en premier sur <a rel=\"nofollow\" href=\"https:\/\/lepays.bf\/\">Editions Le Pays<\/a>.<\/p>\n<\/div>\n<p>Auteur: Editions LEPAYS<br \/>\n<a href=\"https:\/\/lepays.bf\/8-mars-2022-les-burkinabe-nont-pas-le-coeur-a-la-fete\/\">Cliquez ici pour lire l&rsquo;article depuis sa source.<\/a><\/p>\n","protected":false},"excerpt":{"rendered":"<p>Le Burkina Faso, \u00e0 l\u2019instar des autres pays du monde entier, c\u00e9l\u00e8bre aujourd\u2019hui, 8-Mars, la Journ\u00e9e internationale de la femme. C\u2019est presque devenu une tradition. Sauf que cette ann\u00e9e, cet \u00e9v\u00e9nement qui met \u00e0 l\u2019honneur la femme, intervient dans un contexte sociopolitique particulier. Il y [\u2026] L\u2019article 8 MARS 2022 : Les Burkinab\u00e8 n\u2019ont pas [&hellip;]<\/p>\n","protected":false},"author":1813,"featured_media":0,"comment_status":"closed","ping_status":"closed","sticky":false,"template":"","format":"standard","meta":{"fifu_image_url":"https:\/\/lepays.bf\/wp-content\/uploads\/2022\/03\/8-MARS.jpg","fifu_image_alt":"8 MARS 2022 : Les Burkinab\u00e8 n\u2019ont pas le c\u0153ur \u00e0 la f\u00eate","footnotes":""},"categories":[73,81],"tags":[],"class_list":["post-142556","post","type-post","status-publish","format-standard","hentry","category-actualite","category-burkina-faso"],"_links":{"self":[{"href":"https:\/\/linitiative.ca\/International\/wp-json\/wp\/v2\/posts\/142556","targetHints":{"allow":["GET"]}}],"collection":[{"href":"https:\/\/linitiative.ca\/International\/wp-json\/wp\/v2\/posts"}],"about":[{"href":"https:\/\/linitiative.ca\/International\/wp-json\/wp\/v2\/types\/post"}],"author":[{"embeddable":true,"href":"https:\/\/linitiative.ca\/International\/wp-json\/wp\/v2\/users\/1813"}],"replies":[{"embeddable":true,"href":"https:\/\/linitiative.ca\/International\/wp-json\/wp\/v2\/comments?post=142556"}],"version-history":[{"count":0,"href":"https:\/\/linitiative.ca\/International\/wp-json\/wp\/v2\/posts\/142556\/revisions"}],"wp:attachment":[{"href":"https:\/\/linitiative.ca\/International\/wp-json\/wp\/v2\/media?parent=142556"}],"wp:term":[{"taxonomy":"category","embeddable":true,"href":"https:\/\/linitiative.ca\/International\/wp-json\/wp\/v2\/categories?post=142556"},{"taxonomy":"post_tag","embeddable":true,"href":"https:\/\/linitiative.ca\/International\/wp-json\/wp\/v2\/tags?post=142556"}],"curies":[{"name":"wp","href":"https:\/\/api.w.org\/{rel}","templated":true}]}}