{"id":142558,"date":"2022-03-07T04:35:31","date_gmt":"2022-03-07T09:35:31","guid":{"rendered":"https:\/\/linitiative.ca\/International\/plans-communaux-de-developpement-les-preoccupations-des-jeunes-debattues-autour-dun-the-a-banfora\/"},"modified":"2022-03-07T04:35:31","modified_gmt":"2022-03-07T09:35:31","slug":"plans-communaux-de-developpement-les-preoccupations-des-jeunes-debattues-autour-dun-the-a-banfora","status":"publish","type":"post","link":"https:\/\/linitiative.ca\/International\/plans-communaux-de-developpement-les-preoccupations-des-jeunes-debattues-autour-dun-the-a-banfora\/","title":{"rendered":"Plans communaux de d\u00e9veloppement\u00a0: les pr\u00e9occupations des jeunes d\u00e9battues autour d\u2019un th\u00e9 \u00e0 Banfora"},"content":{"rendered":"<div>\n<p><strong>Le projet \u00ab\u00a0Jeunes Citoyens Engag\u00e9s\u00a0\u00bb (JCE) a organis\u00e9, en partenariat avec l\u2019Association Jeunes filles leaders de la r\u00e9gion des Cascades,\u00a0 le mercredi 2 mars 2022, au secteur n\u00b06 de Banfora, un th\u00e9-d\u00e9bat sur le th\u00e8me\u00a0: \u00ab\u00a0<em>Quelles strat\u00e9gies pour une meilleures prise en compte des pr\u00e9occupations de la jeunesse dans la mise en \u0153uvre des plans communaux de d\u00e9veloppement<\/em>\u00a0\u00bb. Le projet\u00a0a \u00e9t\u00e9 initi\u00e9 par le R\u00e9seau Afrique Jeunesse en consortium avec l\u2019ONG italienne ProgettoMondo avec l\u2019appui financier de l\u2019Union Europ\u00e9enne.<\/strong><\/p>\n<p><strong>\u00a0<\/strong>Le projet \u00ab\u00a0Jeunes Citoyen Engag\u00e9s\u00a0\u00bb(JCE) entend contribuer \u00e0 la promotion de la participation responsable et \u00e9clair\u00e9e des jeunes dans la gouvernance d\u00e9mocratique et le suivi des politiques publiques de la jeunesse. A cet effet, il a organis\u00e9, le mercredi 2 mars 2022, dans une des petites rues du secteur n\u00b06 de Banfora, une rencontre des jeunes, dont des \u00e9tudiants du Centre universitaire de Banfora,\u00a0 autour d\u2019un th\u00e9. Pour l\u2019Animateur du projet JCE,\u00a0Moussa Benjamin Sombi\u00e9, les jeunes doivent adopter une bonne strat\u00e9gie afin de faire prendre en compte leurs pr\u00e9occupations dans l\u2019\u00e9laboration des plans locaux de d\u00e9veloppement. \u00ab\u00a0<em>Nous avons constat\u00e9, par le pass\u00e9, que les pr\u00e9occupations des jeunes ne sont pas suffisamment prises en compte dans les plans communaux de d\u00e9veloppement<\/em>\u00a0\u00bb, a d\u00e9clar\u00e9 Moussa Benjamin Sombi\u00e9. C\u2019est pourquoi, il a exhort\u00e9 les jeunes \u00e0 v\u00e9ritablement s\u2019engager dans les structures de jeunesse comme le Conseil communal de la jeunesse. S\u2019adressant aux participants assis sur des chaises, des bancs et m\u00eames des nattes, l\u2019Animateur du projet JCE a soutenu que cette structure de jeunesse qui est la leur, parce qu\u2019elle est un canal par lequel ils peuvent s\u2019exprimer et \u00eatre \u00e9cout\u00e9s et consid\u00e9r\u00e9s en retour. En outre, M. Sombi\u00e9 a insist\u00e9 sur la participation des jeunes aux sessions du conseil municipal, m\u00eame s\u2019il a reconnu qu\u2019ils ne peuvent pas prendre part directement aux travaux. \u00ab\u00a0<em>Les jeunes peuvent conna\u00eetre ce qui est pr\u00e9vu dans le budget communal en leur faveur<\/em>\u00a0\u00bb, a-t-il cependant relev\u00e9. Et d\u2019ajouter qu\u2019\u00e9ventuellement, ils pourront interpeller par d\u2019autres canaux l\u2019ex\u00e9cutif local, afin que la commune pr\u00e9voie plus d\u2019actions et de budget en leur faveur.<\/p>\n<figure id=\"attachment_46453\" aria-describedby=\"caption-attachment-46453\" style=\"width: 1024px\" class=\"wp-caption alignnone\"><img loading=\"lazy\" decoding=\"async\" class=\"wp-image-46453 size-full\" src=\"https:\/\/linitiative.ca\/International\/wp-content\/uploads\/sites\/23\/2022\/03\/1.jpeg\" alt=\"\" width=\"1024\" height=\"473\" srcset=\"https:\/\/linitiative.ca\/International\/wp-content\/uploads\/sites\/23\/2022\/03\/1.jpeg 1024w, https:\/\/www.sidwaya.info\/wp-content\/uploads\/2022\/03\/1-300x139.jpeg 300w, https:\/\/www.sidwaya.info\/wp-content\/uploads\/2022\/03\/1-768x355.jpeg 768w, https:\/\/www.sidwaya.info\/wp-content\/uploads\/2022\/03\/1-150x69.jpeg 150w, https:\/\/www.sidwaya.info\/wp-content\/uploads\/2022\/03\/1-696x321.jpeg 696w, https:\/\/www.sidwaya.info\/wp-content\/uploads\/2022\/03\/1-909x420.jpeg 909w\" sizes=\"auto, (max-width: 1024px) 100vw, 1024px\"><figcaption id=\"caption-attachment-46453\" class=\"wp-caption-text\">Moussa Benjamin Sombi\u00e9, le coordonnateur-terrain du projet JCE<\/figcaption><\/figure>\n<p>Pour Madj\u00e9lia Barro, pr\u00e9sidente de l\u2019association Jeunes filles leaders des Cascades, partenaire de ce projet, les \u00e9changes ont connu un engouement et ont \u00e9t\u00e9 tr\u00e8s fructueux et enrichissants. Ayant pris part \u00e0 ces travaux, Ouattara Samiratou Siri, \u00e9tudiante en 2<sup>e<\/sup> ann\u00e9e au Centre universitaire de Banfora, s\u2019est dite \u00ab\u00a0<em>tr\u00e8s satisfaite<\/em>\u00a0\u00bb du th\u00e9-d\u00e9bat. \u00ab\u00a0<em>Je pense d\u2019ailleurs que c\u2019\u00e9tait l\u2019une des solutions pour conna\u00eetre les pr\u00e9occupations des jeunes<\/em>\u00a0\u00bb, a-t-elle laiss\u00e9 entendre. Apr\u00e8s plus de deux heures d\u2019horloge d\u2019\u00e9changes, l\u2019\u00e9tudiante dira qu\u2019elle a appris beaucoup de choses et que par cons\u00e9quent, elle invite le projet Jeune citoyen engag\u00e9 \u00e0 multiplier ce genre de rencontre qui est diff\u00e9rente des cadres classiques, au profit d\u2019autres jeunes de Banfora et des Cascades.<\/p>\n<figure id=\"attachment_46454\" aria-describedby=\"caption-attachment-46454\" style=\"width: 1024px\" class=\"wp-caption alignnone\"><img decoding=\"async\" loading=\"lazy\" class=\"wp-image-46454 size-full\" src=\"https:\/\/linitiative.ca\/International\/wp-content\/uploads\/sites\/23\/2022\/03\/3.jpeg\" alt=\"\" width=\"1024\" height=\"473\" srcset=\"https:\/\/linitiative.ca\/International\/wp-content\/uploads\/sites\/23\/2022\/03\/3.jpeg 1024w, https:\/\/www.sidwaya.info\/wp-content\/uploads\/2022\/03\/3-300x139.jpeg 300w, https:\/\/www.sidwaya.info\/wp-content\/uploads\/2022\/03\/3-768x355.jpeg 768w, https:\/\/www.sidwaya.info\/wp-content\/uploads\/2022\/03\/3-150x69.jpeg 150w, https:\/\/www.sidwaya.info\/wp-content\/uploads\/2022\/03\/3-696x321.jpeg 696w, https:\/\/www.sidwaya.info\/wp-content\/uploads\/2022\/03\/3-909x420.jpeg 909w\" sizes=\"auto, (max-width: 1024px) 100vw, 1024px\"><figcaption id=\"caption-attachment-46454\" class=\"wp-caption-text\">Ouattara Samiratou Siri<\/figcaption><\/figure>\n<p>Faut-il le rappeler, le projet\u00a0Jeunes citoyens engag\u00e9s (JCE) a \u00e9t\u00e9 initi\u00e9 par l\u2019ONG R\u00e9seau Afrique Jeunesse en consortium avec l\u2019ONG italienne ProgettoMondo avec l\u2019appui financier de l\u2019Union Europ\u00e9enne. D\u00e9but\u00e9 en 2020 pour une dur\u00e9e de 24 mois, il vise la promotion de la participation responsable et \u00e9clair\u00e9e des jeunes dans la gouvernance d\u00e9mocratique et le suivi des politiques publiques de la jeunesse. Le projet intervient dans la Province du K\u00e9n\u00e9dougou, pr\u00e9cis\u00e9ment dans les communes de Koloko, Orodara, Samogohiri et la Province de la Como\u00e9, dans les communes de Soubakani\u00e9dougou, Niangoloko, Banfora.<\/p>\n<p>\u00a0<\/p>\n<p><strong>Mamadou YERE<\/strong><\/p>\n<p>L\u2019article <a rel=\"nofollow\" href=\"https:\/\/www.sidwaya.info\/blog\/2022\/03\/07\/plans-communaux-de-developpement-les-preoccupations-des-jeunes-debattus-autour-dun-the-a-banfora\/\">Plans communaux de d\u00e9veloppement\u00a0: les pr\u00e9occupations des jeunes d\u00e9battues autour d\u2019un th\u00e9 \u00e0 Banfora<\/a> est apparu en premier sur <a rel=\"nofollow\" href=\"https:\/\/www.sidwaya.info\/\">Quotidien Sidwaya<\/a>.<\/p>\n<\/div>\n<p>Auteur: BS. Sidwaya<br \/>\n<a href=\"https:\/\/www.sidwaya.info\/blog\/2022\/03\/07\/plans-communaux-de-developpement-les-preoccupations-des-jeunes-debattus-autour-dun-the-a-banfora\/?utm_source=rss&#038;utm_medium=rss&#038;utm_campaign=plans-communaux-de-developpement-les-preoccupations-des-jeunes-debattus-autour-dun-the-a-banfora\">Cliquez ici pour lire l&rsquo;article depuis sa source.<\/a><\/p>\n","protected":false},"excerpt":{"rendered":"<p>Le projet \u00ab\u00a0Jeunes Citoyens Engag\u00e9s\u00a0\u00bb (JCE) a organis\u00e9, en partenariat avec l\u2019Association Jeunes filles leaders de la r\u00e9gion des Cascades,\u00a0 le mercredi 2 mars 2022, au secteur n\u00b06 de Banfora, un th\u00e9-d\u00e9bat sur le th\u00e8me\u00a0: \u00ab\u00a0Quelles strat\u00e9gies pour une meilleures prise en compte des pr\u00e9occupations de la jeunesse dans la mise en \u0153uvre des plans [&hellip;]<\/p>\n","protected":false},"author":1816,"featured_media":0,"comment_status":"closed","ping_status":"closed","sticky":false,"template":"","format":"standard","meta":{"fifu_image_url":"https:\/\/www.sidwaya.info\/wp-content\/uploads\/2022\/03\/1.jpeg","fifu_image_alt":"Plans communaux de d\u00e9veloppement\u00a0: les pr\u00e9occupations des jeunes d\u00e9battues autour d\u2019un th\u00e9 \u00e0 Banfora","footnotes":""},"categories":[73,81],"tags":[],"class_list":["post-142558","post","type-post","status-publish","format-standard","hentry","category-actualite","category-burkina-faso"],"_links":{"self":[{"href":"https:\/\/linitiative.ca\/International\/wp-json\/wp\/v2\/posts\/142558","targetHints":{"allow":["GET"]}}],"collection":[{"href":"https:\/\/linitiative.ca\/International\/wp-json\/wp\/v2\/posts"}],"about":[{"href":"https:\/\/linitiative.ca\/International\/wp-json\/wp\/v2\/types\/post"}],"author":[{"embeddable":true,"href":"https:\/\/linitiative.ca\/International\/wp-json\/wp\/v2\/users\/1816"}],"replies":[{"embeddable":true,"href":"https:\/\/linitiative.ca\/International\/wp-json\/wp\/v2\/comments?post=142558"}],"version-history":[{"count":0,"href":"https:\/\/linitiative.ca\/International\/wp-json\/wp\/v2\/posts\/142558\/revisions"}],"wp:attachment":[{"href":"https:\/\/linitiative.ca\/International\/wp-json\/wp\/v2\/media?parent=142558"}],"wp:term":[{"taxonomy":"category","embeddable":true,"href":"https:\/\/linitiative.ca\/International\/wp-json\/wp\/v2\/categories?post=142558"},{"taxonomy":"post_tag","embeddable":true,"href":"https:\/\/linitiative.ca\/International\/wp-json\/wp\/v2\/tags?post=142558"}],"curies":[{"name":"wp","href":"https:\/\/api.w.org\/{rel}","templated":true}]}}