{"id":142562,"date":"2022-03-07T07:25:34","date_gmt":"2022-03-07T12:25:34","guid":{"rendered":"https:\/\/linitiative.ca\/International\/guerre-russie-ukraine-lex-president-jacob-zuma-soutient-poutine\/"},"modified":"2022-03-07T07:25:34","modified_gmt":"2022-03-07T12:25:34","slug":"guerre-russie-ukraine-lex-president-jacob-zuma-soutient-poutine","status":"publish","type":"post","link":"https:\/\/linitiative.ca\/International\/guerre-russie-ukraine-lex-president-jacob-zuma-soutient-poutine\/","title":{"rendered":"Guerre Russie\/Ukraine\u00a0: L\u2019ex-pr\u00e9sident Jacob Zuma soutient Poutine"},"content":{"rendered":"<div>\n<p>Depuis le d\u00e9but de la guerre contre l\u2019Ukraine, le pr\u00e9sident russe Vladimir Poutine est mis au banc des accus\u00e9s par la communaut\u00e9 internationale notamment les pays occidentaux. Mais l\u2019ex-pr\u00e9sident sud-africain, Jacob Zuma, ne partage pas cette condamnation de Vladimir Poutine qui, selon lui, est un homme de paix. Dans un communiqu\u00e9, monsieur Zuma a soutenu, selon BBC, \u00a0le pr\u00e9sident Vladimir Poutine dans sa guerre contre l\u2019Ukraine. Pour lui, l\u2019invasion de l\u2019Ukraine par le pr\u00e9sident Poutine est \u00ab\u00a0justifiable\u00a0\u00bb.<\/p>\n<p><strong>La R\u00e9daction<\/strong><\/p>\n<p>L\u2019article <a rel=\"nofollow\" href=\"https:\/\/www.sidwaya.info\/blog\/2022\/03\/07\/guerre-russie-ukraine-lex-president-jacob-zuma-soutient-poutine\/\">Guerre Russie\/Ukraine\u00a0: L\u2019ex-pr\u00e9sident Jacob Zuma soutient Poutine<\/a> est apparu en premier sur <a rel=\"nofollow\" href=\"https:\/\/www.sidwaya.info\/\">Quotidien Sidwaya<\/a>.<\/p>\n<\/div>\n<p>Auteur: Wamini SIDWAYA<br \/>\n<a href=\"https:\/\/www.sidwaya.info\/blog\/2022\/03\/07\/guerre-russie-ukraine-lex-president-jacob-zuma-soutient-poutine\/?utm_source=rss&#038;utm_medium=rss&#038;utm_campaign=guerre-russie-ukraine-lex-president-jacob-zuma-soutient-poutine\">Cliquez ici pour lire l&rsquo;article depuis sa source.<\/a><\/p>\n","protected":false},"excerpt":{"rendered":"<p>Depuis le d\u00e9but de la guerre contre l\u2019Ukraine, le pr\u00e9sident russe Vladimir Poutine est mis au banc des accus\u00e9s par la communaut\u00e9 internationale notamment les pays occidentaux. Mais l\u2019ex-pr\u00e9sident sud-africain, Jacob Zuma, ne partage pas cette condamnation de Vladimir Poutine qui, selon lui, est un homme de paix. Dans un communiqu\u00e9, monsieur Zuma a soutenu, [&hellip;]<\/p>\n","protected":false},"author":1816,"featured_media":0,"comment_status":"closed","ping_status":"closed","sticky":false,"template":"","format":"standard","meta":{"fifu_image_url":"","fifu_image_alt":"","footnotes":""},"categories":[73,81],"tags":[],"class_list":["post-142562","post","type-post","status-publish","format-standard","hentry","category-actualite","category-burkina-faso"],"_links":{"self":[{"href":"https:\/\/linitiative.ca\/International\/wp-json\/wp\/v2\/posts\/142562","targetHints":{"allow":["GET"]}}],"collection":[{"href":"https:\/\/linitiative.ca\/International\/wp-json\/wp\/v2\/posts"}],"about":[{"href":"https:\/\/linitiative.ca\/International\/wp-json\/wp\/v2\/types\/post"}],"author":[{"embeddable":true,"href":"https:\/\/linitiative.ca\/International\/wp-json\/wp\/v2\/users\/1816"}],"replies":[{"embeddable":true,"href":"https:\/\/linitiative.ca\/International\/wp-json\/wp\/v2\/comments?post=142562"}],"version-history":[{"count":0,"href":"https:\/\/linitiative.ca\/International\/wp-json\/wp\/v2\/posts\/142562\/revisions"}],"wp:attachment":[{"href":"https:\/\/linitiative.ca\/International\/wp-json\/wp\/v2\/media?parent=142562"}],"wp:term":[{"taxonomy":"category","embeddable":true,"href":"https:\/\/linitiative.ca\/International\/wp-json\/wp\/v2\/categories?post=142562"},{"taxonomy":"post_tag","embeddable":true,"href":"https:\/\/linitiative.ca\/International\/wp-json\/wp\/v2\/tags?post=142562"}],"curies":[{"name":"wp","href":"https:\/\/api.w.org\/{rel}","templated":true}]}}