{"id":142563,"date":"2022-03-07T07:32:33","date_gmt":"2022-03-07T12:32:33","guid":{"rendered":"https:\/\/linitiative.ca\/International\/nigeria-les-nigerians-interdits-daller-combattre-en-ukraine\/"},"modified":"2022-03-07T07:32:33","modified_gmt":"2022-03-07T12:32:33","slug":"nigeria-les-nigerians-interdits-daller-combattre-en-ukraine","status":"publish","type":"post","link":"https:\/\/linitiative.ca\/International\/nigeria-les-nigerians-interdits-daller-combattre-en-ukraine\/","title":{"rendered":"Nigeria\u00a0: Les Nig\u00e9rians interdits d\u2019aller combattre en Ukraine"},"content":{"rendered":"<div>\n<p>Suite \u00e0 des informations faisant \u00e9tat de pr\u00e9tendus recrutements de volontaires nig\u00e9rians \u00a0pour aller combattre aux c\u00f4t\u00e9s de l\u2019Ukraine, <strong>\u00a0<\/strong>le Nigeria a interdit \u00e0 ses ressortissants de s\u2019enr\u00f4ler. \u00a0<em>\u00ab\u00a0Le Nigeria d\u00e9courage l\u2019utilisation de mercenaires partout dans le monde et ne tol\u00e9rera pas le recrutement, au Nigeria, de Nig\u00e9rians comme mercenaires pour combattre en Ukraine ou ailleurs dans le monde\u00a0\u00bb, <\/em>a d\u00e9clar\u00e9 le porte-parole du minist\u00e8re nig\u00e9rian des Affaires \u00e9trang\u00e8res.<\/p>\n<p>Rappelons que le S\u00e9n\u00e9gal avait aussi \u00a0interdit l\u2019enr\u00f4lement de ses ressortissants pour lutter contre les Russes en Ukraine.<\/p>\n<p><strong>(Source\u00a0: bbc)<\/strong><\/p>\n<p><strong>La R\u00e9daction<\/strong><\/p>\n<p>L\u2019article <a rel=\"nofollow\" href=\"https:\/\/www.sidwaya.info\/blog\/2022\/03\/07\/nigeria-les-nigerians-interdits-daller-combattre-en-ukraine\/\">Nigeria\u00a0: Les Nig\u00e9rians interdits d\u2019aller combattre en Ukraine<\/a> est apparu en premier sur <a rel=\"nofollow\" href=\"https:\/\/www.sidwaya.info\/\">Quotidien Sidwaya<\/a>.<\/p>\n<\/div>\n<p>Auteur: Wamini SIDWAYA<br \/>\n<a href=\"https:\/\/www.sidwaya.info\/blog\/2022\/03\/07\/nigeria-les-nigerians-interdits-daller-combattre-en-ukraine\/?utm_source=rss&#038;utm_medium=rss&#038;utm_campaign=nigeria-les-nigerians-interdits-daller-combattre-en-ukraine\">Cliquez ici pour lire l&rsquo;article depuis sa source.<\/a><\/p>\n","protected":false},"excerpt":{"rendered":"<p>Suite \u00e0 des informations faisant \u00e9tat de pr\u00e9tendus recrutements de volontaires nig\u00e9rians \u00a0pour aller combattre aux c\u00f4t\u00e9s de l\u2019Ukraine, \u00a0le Nigeria a interdit \u00e0 ses ressortissants de s\u2019enr\u00f4ler. \u00a0\u00ab\u00a0Le Nigeria d\u00e9courage l\u2019utilisation de mercenaires partout dans le monde et ne tol\u00e9rera pas le recrutement, au Nigeria, de Nig\u00e9rians comme mercenaires pour combattre en Ukraine ou [&hellip;]<\/p>\n","protected":false},"author":1816,"featured_media":0,"comment_status":"closed","ping_status":"closed","sticky":false,"template":"","format":"standard","meta":{"fifu_image_url":"","fifu_image_alt":"","footnotes":""},"categories":[73,81],"tags":[],"class_list":["post-142563","post","type-post","status-publish","format-standard","hentry","category-actualite","category-burkina-faso"],"_links":{"self":[{"href":"https:\/\/linitiative.ca\/International\/wp-json\/wp\/v2\/posts\/142563","targetHints":{"allow":["GET"]}}],"collection":[{"href":"https:\/\/linitiative.ca\/International\/wp-json\/wp\/v2\/posts"}],"about":[{"href":"https:\/\/linitiative.ca\/International\/wp-json\/wp\/v2\/types\/post"}],"author":[{"embeddable":true,"href":"https:\/\/linitiative.ca\/International\/wp-json\/wp\/v2\/users\/1816"}],"replies":[{"embeddable":true,"href":"https:\/\/linitiative.ca\/International\/wp-json\/wp\/v2\/comments?post=142563"}],"version-history":[{"count":0,"href":"https:\/\/linitiative.ca\/International\/wp-json\/wp\/v2\/posts\/142563\/revisions"}],"wp:attachment":[{"href":"https:\/\/linitiative.ca\/International\/wp-json\/wp\/v2\/media?parent=142563"}],"wp:term":[{"taxonomy":"category","embeddable":true,"href":"https:\/\/linitiative.ca\/International\/wp-json\/wp\/v2\/categories?post=142563"},{"taxonomy":"post_tag","embeddable":true,"href":"https:\/\/linitiative.ca\/International\/wp-json\/wp\/v2\/tags?post=142563"}],"curies":[{"name":"wp","href":"https:\/\/api.w.org\/{rel}","templated":true}]}}