{"id":142564,"date":"2022-03-07T09:26:38","date_gmt":"2022-03-07T14:26:38","guid":{"rendered":"https:\/\/linitiative.ca\/International\/1er-conseil-des-ministres-nous-avons-pris-lengagement-de-restaurer-notre-pays-dans-ses-limites-territoriales-premier-ministre-dr-albert-ouedraogo\/"},"modified":"2022-03-07T09:26:38","modified_gmt":"2022-03-07T14:26:38","slug":"1er-conseil-des-ministres-nous-avons-pris-lengagement-de-restaurer-notre-pays-dans-ses-limites-territoriales-premier-ministre-dr-albert-ouedraogo","status":"publish","type":"post","link":"https:\/\/linitiative.ca\/International\/1er-conseil-des-ministres-nous-avons-pris-lengagement-de-restaurer-notre-pays-dans-ses-limites-territoriales-premier-ministre-dr-albert-ouedraogo\/","title":{"rendered":"1er conseil des ministres\u00a0: \u00ab\u00a0Nous avons pris l\u2019engagement (\u2026) de restaurer notre pays dans ses limites territoriales\u00a0\u00bb, Premier ministre Dr Albert Ou\u00e9draogo"},"content":{"rendered":"<div>\n<p><strong>Le 1<sup>er<\/sup>\u00a0Conseil des Ministres de la Transition s\u2019est tenu ce lundi 7 mars 2022 \u00e0 Kossyam. Il s\u2019est agi d\u2019une prise de contact entre les membres du gouvernement de la Transition et le pr\u00e9sident du Faso, le Lt col Paul Henri Damiba. <\/strong><\/p>\n<p>Nomm\u00e9s le samedi 5 mars 2022, les membres du gouvernement compos\u00e9 de 25 membres dont\u00a0 six femmes \u00a0ont eu une prise de contact avec le pr\u00e9sident du Faso, le Lt col Paul Henri Damiba. \u00ab\u00a0Je tiens \u00e0 remercier le chef de l\u2019Etat pour la confiance plac\u00e9e en cette \u00e9quipe Les seuls crit\u00e8res qui ont pr\u00e9valu au choix de ces personnalit\u00e9s ont \u00e9t\u00e9 la comp\u00e9tence, la probit\u00e9 morale et l\u2019engagement total \u00e0 servir le pays\u00a0\u00bb, a indiqu\u00e9 le premier ministre Dr Albert Ou\u00e9draogo. \u00a0Aussi, a-t-il ajout\u00e9, que la composition de cette \u00e9quipe est conforme \u00e0 la Charte de la Transition. Et, ces membres sont pour la plupart des techniciens de leur domaine et capables d\u2019impulser une nouvelle dynamique dans la construction d\u2019un Burkina nouveau que le pr\u00e9sident du Faso et le peuple burkinab\u00e8 appellent de tous leurs v\u0153ux.<\/p>\n<p>Les priorit\u00e9s de cette \u00e9quipe sont entre autres, \u00a0la lutte contre le terrorisme, \u00e0 la restauration du territoire national, la r\u00e9ponse \u00e0 la crise humanitaire, la refondation de l\u2019Etat, l\u2019am\u00e9lioration de la gouvernance, la r\u00e9conciliation nationale et la coh\u00e9sion sociale, la prise en charge et la r\u00e9installation des d\u00e9plac\u00e9s internes dans leur localit\u00e9 respective.<\/p>\n<p>Pour le premier ministre au cours de la s\u00e9ance de prise de contact, le pr\u00e9sident du Faso, a insist\u00e9 sur un certain nombre d\u2019attentes mais \u00e9galement sur un certain nombre des valeurs qui doivent guider l\u2019action gouvernementale. Il s\u2019agit de l\u2019int\u00e9grit\u00e9, de la loyaut\u00e9, de la rigueur, de la solidarit\u00e9, de la coll\u00e9gialit\u00e9 et de l\u2019exemplarit\u00e9. Il a insist\u00e9 \u00e9galement sur la n\u00e9cessit\u00e9 de se d\u00e9partir d\u2019un certain nombre de pratiques des gouvernements pass\u00e9s mais \u00e9galement de s\u2019inspirer aussi des bonnes pratiques de certains gouvernements. Alors il a insist\u00e9 surtout sur la n\u00e9cessit\u00e9 de la r\u00e9duction du train de vie de l\u2019Etat \u00e0 travers la suppression de certaines activit\u00e9s non essentielles et une utilisation rationnelle des ressources de l\u2019Etat.<\/p>\n<p>\u00ab\u00a0Nous avons, pris l\u2019engagement devant le chef de l\u2019Etat de travailler avec abn\u00e9gation \u00e0 soulager les souffrances des populations et de restaurer notre pays dans ses limites territoriales. La situation est certes difficile mais pas hors de port\u00e9e pour peu que nous ayons un sursaut patriotique pour mener ce seul combat qui vaille qui est celle de sauver ce pays que nous ont l\u00e9gu\u00e9 nos anc\u00eatres\u00a0\u00bb, a conclu Dr Albert Ou\u00e9draogo.<\/p>\n<p>R\u00e9daction<\/p>\n<p><strong>\u00a0\u00a0\u00a0\u00a0\u00a0\u00a0\u00a0\u00a0 <\/strong><\/p>\n<p>L\u2019article <a rel=\"nofollow\" href=\"https:\/\/www.sidwaya.info\/blog\/2022\/03\/07\/1er-conseil-des-ministres-nous-avons-pris-lengagement-de-restaurer-notre-pays-dans-ses-limites-territoriales-premier-ministre-dr-albert-ouedraogo\/\">1er conseil des ministres\u00a0: \u00ab\u00a0Nous avons pris l\u2019engagement (\u2026) de restaurer notre pays dans ses limites territoriales\u00a0\u00bb, Premier ministre Dr Albert Ou\u00e9draogo<\/a> est apparu en premier sur <a rel=\"nofollow\" href=\"https:\/\/www.sidwaya.info\/\">Quotidien Sidwaya<\/a>.<\/p>\n<\/div>\n<p>Auteur: BS. Sidwaya<br \/>\n<a href=\"https:\/\/www.sidwaya.info\/blog\/2022\/03\/07\/1er-conseil-des-ministres-nous-avons-pris-lengagement-de-restaurer-notre-pays-dans-ses-limites-territoriales-premier-ministre-dr-albert-ouedraogo\/?utm_source=rss&#038;utm_medium=rss&#038;utm_campaign=1er-conseil-des-ministres-nous-avons-pris-lengagement-de-restaurer-notre-pays-dans-ses-limites-territoriales-premier-ministre-dr-albert-ouedraogo\">Cliquez ici pour lire l&rsquo;article depuis sa source.<\/a><\/p>\n","protected":false},"excerpt":{"rendered":"<p>Le 1er\u00a0Conseil des Ministres de la Transition s\u2019est tenu ce lundi 7 mars 2022 \u00e0 Kossyam. Il s\u2019est agi d\u2019une prise de contact entre les membres du gouvernement de la Transition et le pr\u00e9sident du Faso, le Lt col Paul Henri Damiba. Nomm\u00e9s le samedi 5 mars 2022, les membres du gouvernement compos\u00e9 de 25 [&hellip;]<\/p>\n","protected":false},"author":1816,"featured_media":0,"comment_status":"closed","ping_status":"closed","sticky":false,"template":"","format":"standard","meta":{"fifu_image_url":"","fifu_image_alt":"","footnotes":""},"categories":[73,81],"tags":[],"class_list":["post-142564","post","type-post","status-publish","format-standard","hentry","category-actualite","category-burkina-faso"],"_links":{"self":[{"href":"https:\/\/linitiative.ca\/International\/wp-json\/wp\/v2\/posts\/142564","targetHints":{"allow":["GET"]}}],"collection":[{"href":"https:\/\/linitiative.ca\/International\/wp-json\/wp\/v2\/posts"}],"about":[{"href":"https:\/\/linitiative.ca\/International\/wp-json\/wp\/v2\/types\/post"}],"author":[{"embeddable":true,"href":"https:\/\/linitiative.ca\/International\/wp-json\/wp\/v2\/users\/1816"}],"replies":[{"embeddable":true,"href":"https:\/\/linitiative.ca\/International\/wp-json\/wp\/v2\/comments?post=142564"}],"version-history":[{"count":0,"href":"https:\/\/linitiative.ca\/International\/wp-json\/wp\/v2\/posts\/142564\/revisions"}],"wp:attachment":[{"href":"https:\/\/linitiative.ca\/International\/wp-json\/wp\/v2\/media?parent=142564"}],"wp:term":[{"taxonomy":"category","embeddable":true,"href":"https:\/\/linitiative.ca\/International\/wp-json\/wp\/v2\/categories?post=142564"},{"taxonomy":"post_tag","embeddable":true,"href":"https:\/\/linitiative.ca\/International\/wp-json\/wp\/v2\/tags?post=142564"}],"curies":[{"name":"wp","href":"https:\/\/api.w.org\/{rel}","templated":true}]}}