{"id":142567,"date":"2022-03-07T15:18:03","date_gmt":"2022-03-07T20:18:03","guid":{"rendered":"https:\/\/linitiative.ca\/International\/senegal-reflexion-sur-lemploi-et-lemployabilite-des-jeunes\/"},"modified":"2022-03-07T15:18:03","modified_gmt":"2022-03-07T20:18:03","slug":"senegal-reflexion-sur-lemploi-et-lemployabilite-des-jeunes","status":"publish","type":"post","link":"https:\/\/linitiative.ca\/International\/senegal-reflexion-sur-lemploi-et-lemployabilite-des-jeunes\/","title":{"rendered":"S\u00e9n\u00e9gal : r\u00e9flexion sur l\u2019emploi et l\u2019employabilit\u00e9 des jeunes"},"content":{"rendered":"<div>\n<p><img decoding=\"async\" width=\"720\" height=\"137\" src=\"https:\/\/linitiative.ca\/International\/wp-content\/uploads\/sites\/23\/2022\/03\/16466842834296.jpg\" class=\"attachment-post-thumbnail size-post-thumbnail wp-post-image\" alt=\"\" loading=\"lazy\" srcset=\"https:\/\/linitiative.ca\/International\/wp-content\/uploads\/sites\/23\/2022\/03\/16466842834296.jpg 720w, https:\/\/www.journalducameroun.com\/wp-content\/uploads\/2022\/03\/16466842834296-300x57.jpg 300w, https:\/\/www.journalducameroun.com\/wp-content\/uploads\/2022\/03\/16466842834296-600x114.jpg 600w\" sizes=\"auto, (max-width: 720px) 100vw, 720px\"><\/p>\n<p>Le Consortium pour la recherche \u00e9conomique et sociale (Cres) organise, ce jeudi 10 mars, un atelier de partage des r\u00e9sultats de l&rsquo;\u00e9tude \u00ab Programmes d&rsquo;appui \u00e0 l&#8217;emploi et employabilit\u00e9 des jeunes dans les secteurs de croissance au S\u00e9n\u00e9gal \u00bb.L&rsquo;objectif de cette rencontre est de soumettre les r\u00e9sultats tir\u00e9s de la recherche \u00e0 l&rsquo;\u00e9valuation des chercheurs, d\u00e9cideurs, acteurs priv\u00e9s et de la soci\u00e9t\u00e9 civile. Il s&rsquo;agit sp\u00e9cifiquement de caract\u00e9riser les secteurs d&rsquo;activit\u00e9 dans lesquels les jeunes sont principalement employ\u00e9s, d&rsquo;analyser la qualit\u00e9 des emplois dans les secteurs o\u00f9 ils sont davantage employ\u00e9s, en tenant compte du niveau de sous-emploi visible et invisible et du degr\u00e9 de s\u00e9curit\u00e9 et de stabilit\u00e9 de l&#8217;emploi.<\/p>\n<p>A cela s&rsquo;ajouteront une analyse des secteurs d&rsquo;activit\u00e9 les plus susceptibles de pourvoir des emplois de qualit\u00e9 aux jeunes pr\u00e9sents sur le march\u00e9 du travail et une \u00e9valuation des effets des diff\u00e9rents programmes publics d&rsquo;appui sur \u00a0l&rsquo;acc\u00e8s des jeunes aux secteurs d&rsquo;activit\u00e9 pourvoyeurs d&#8217;emplois de qualit\u00e9.<\/p>\n<p>Cette activit\u00e9 constitue une \u00e9tape charni\u00e8re dans le processus de validation technique du rapport, souligne le Cres. Le S\u00e9n\u00e9gal, comme d&rsquo;autres pays africains, a entrepris plusieurs initiatives pour faire face \u00e0 la probl\u00e9matique de l&#8217;emploi et de l&#8217;employabilit\u00e9 des jeunes. Cela s&rsquo;est traduit, selon le Cres, par la cr\u00e9ation de plusieurs agences et fonds.<\/p>\n<p>A en croire le centre de recherche, ces initiatives, si importantes soient-elles, \u00ab se sont r\u00e9v\u00e9l\u00e9es peu efficaces \u00bb d&rsquo;o\u00f9 la centralisation des actions en faveur de l&#8217;emploi des jeunes dans une structure unique appel\u00e9e Agence nationale pour la promotion de l&#8217;emploi des jeunes (Anpej).<\/p>\n<p>En d\u00e9pit de ces nombreuses interventions, d\u00e9plore le Cres, force est de constater que le ch\u00f4mage et la pr\u00e9carit\u00e9 de l&#8217;emploi des jeunes demeurent une grande pr\u00e9occupation, comme le montrent les statistiques nationales.<\/p>\n<p>Mais, relativise-t-il, ces interventions sont peut-\u00eatre efficaces, mais n&rsquo;ont pas une ampleur suffisante pour avoir des effets significatifs sur l&#8217;emploi des jeunes.<\/p>\n<p>Partant de constat, le Cres estime qu&rsquo;il est important d&rsquo;\u00e9valuer l&rsquo;impact des programmes d&rsquo;appui \u00e0 l&#8217;emploi sur l&rsquo;insertion des jeunes hommes et femmes dans les secteurs pourvoyeurs d&#8217;emplois de qualit\u00e9, notamment les secteurs d&rsquo;activit\u00e9 offrant de meilleures perspectives d&#8217;emploi et de revenu aux jeunes arrivant sur le march\u00e9 du travail. C&rsquo;est dans ce cadre que des chercheurs du S\u00e9n\u00e9gal et du Cameroun ont fait cette \u00e9tude qui sera pr\u00e9sent\u00e9e jeudi prochain.<\/p>\n<p>Cet article <a rel=\"nofollow\" href=\"https:\/\/www.journalducameroun.com\/senegal-reflexion-sur-lemploi-et-lemployabilite-des-jeunes\/\">S\u00e9n\u00e9gal : r\u00e9flexion sur l\u2019emploi et l\u2019employabilit\u00e9 des jeunes<\/a> est apparu en premier sur <a rel=\"nofollow\" href=\"https:\/\/www.journalducameroun.com\/\">Journal du Cameroun<\/a>.<\/p>\n<\/div>\n<p>Auteur: APA News<br \/>\n<a href=\"https:\/\/www.journalducameroun.com\/senegal-reflexion-sur-lemploi-et-lemployabilite-des-jeunes\/\">Cliquez ici pour lire l&rsquo;article depuis sa source.<\/a><\/p>\n","protected":false},"excerpt":{"rendered":"<p>Le Consortium pour la recherche \u00e9conomique et sociale (Cres) organise, ce jeudi 10 mars, un atelier de partage des r\u00e9sultats de l&rsquo;\u00e9tude \u00ab Programmes d&rsquo;appui \u00e0 l&#8217;emploi et employabilit\u00e9 des jeunes dans les secteurs de croissance au S\u00e9n\u00e9gal \u00bb.L&rsquo;objectif de cette rencontre est de soumettre les r\u00e9sultats tir\u00e9s de la recherche \u00e0 l&rsquo;\u00e9valuation des chercheurs, [&hellip;]<\/p>\n","protected":false},"author":1965,"featured_media":0,"comment_status":"closed","ping_status":"closed","sticky":false,"template":"","format":"standard","meta":{"fifu_image_url":"https:\/\/www.journalducameroun.com\/wp-content\/uploads\/2022\/03\/16466842834296.jpg","fifu_image_alt":"S\u00e9n\u00e9gal : r\u00e9flexion sur l\u2019emploi et l\u2019employabilit\u00e9 des jeunes","footnotes":""},"categories":[73,82],"tags":[],"class_list":["post-142567","post","type-post","status-publish","format-standard","hentry","category-actualite","category-cameroun"],"_links":{"self":[{"href":"https:\/\/linitiative.ca\/International\/wp-json\/wp\/v2\/posts\/142567","targetHints":{"allow":["GET"]}}],"collection":[{"href":"https:\/\/linitiative.ca\/International\/wp-json\/wp\/v2\/posts"}],"about":[{"href":"https:\/\/linitiative.ca\/International\/wp-json\/wp\/v2\/types\/post"}],"author":[{"embeddable":true,"href":"https:\/\/linitiative.ca\/International\/wp-json\/wp\/v2\/users\/1965"}],"replies":[{"embeddable":true,"href":"https:\/\/linitiative.ca\/International\/wp-json\/wp\/v2\/comments?post=142567"}],"version-history":[{"count":0,"href":"https:\/\/linitiative.ca\/International\/wp-json\/wp\/v2\/posts\/142567\/revisions"}],"wp:attachment":[{"href":"https:\/\/linitiative.ca\/International\/wp-json\/wp\/v2\/media?parent=142567"}],"wp:term":[{"taxonomy":"category","embeddable":true,"href":"https:\/\/linitiative.ca\/International\/wp-json\/wp\/v2\/categories?post=142567"},{"taxonomy":"post_tag","embeddable":true,"href":"https:\/\/linitiative.ca\/International\/wp-json\/wp\/v2\/tags?post=142567"}],"curies":[{"name":"wp","href":"https:\/\/api.w.org\/{rel}","templated":true}]}}