{"id":142569,"date":"2022-03-07T16:18:03","date_gmt":"2022-03-07T21:18:03","guid":{"rendered":"https:\/\/linitiative.ca\/International\/lancement-a-rabat-de-lassociation-africaine-de-radiopharmacie\/"},"modified":"2022-03-07T16:18:03","modified_gmt":"2022-03-07T21:18:03","slug":"lancement-a-rabat-de-lassociation-africaine-de-radiopharmacie","status":"publish","type":"post","link":"https:\/\/linitiative.ca\/International\/lancement-a-rabat-de-lassociation-africaine-de-radiopharmacie\/","title":{"rendered":"Lancement \u00e0 Rabat de l\u2019Association africaine de Radiopharmacie"},"content":{"rendered":"<div>\n<p><img decoding=\"async\" width=\"292\" height=\"172\" src=\"https:\/\/linitiative.ca\/International\/wp-content\/uploads\/sites\/23\/2022\/03\/16466878844374.jpg\" class=\"attachment-post-thumbnail size-post-thumbnail wp-post-image\" alt=\"\" loading=\"lazy\"><\/p>\n<p>L&rsquo;Association africaine de Radiopharmacie (AFRAR), fruit du projet r\u00e9gional du renforcement des capacit\u00e9s de radiopharmaceutiques en Afrique, a \u00e9t\u00e9 lanc\u00e9e vendredi dernier \u00e0 Rabat, par le Centre marocain de l&rsquo;\u00e9nergie, des sciences et des techniques nucl\u00e9aires (CNESTEN), annonce lundi un communiqu\u00e9 du Centre.Cette association, lanc\u00e9e dans le cadre du partenariat du CNESTEN avec l&rsquo;Agence internationale de l&rsquo;\u00e9nergie atomique (AIEA) et l&rsquo;Accord africain de promotion des sciences et technologies nucl\u00e9aires (AFRA), se veut un cadre de promotion des \u00e9changes d&rsquo;expertises entre les professionnels du domaine de la m\u00e9decine nucl\u00e9aire et de la radiopharmacie, y compris les r\u00e9gulateurs, les fabricants, les op\u00e9rateurs industriels et hospitaliers, les universitaires, ainsi que les associations professionnelles similaires, pr\u00e9cise le communiqu\u00e9.\u00a0<\/p>\n<p>La cr\u00e9ation de l&rsquo;AFRAR est de nature \u00e0 renforcer davantage les liens de coop\u00e9ration du CNESTEN et des institutions nationales concern\u00e9es, dans les diff\u00e9rents domaines des sciences et techniques nucl\u00e9aires \u00e0 l&rsquo;\u00e9chelle continentale, conclut la m\u00eame source.<\/p>\n<p>Cet article <a rel=\"nofollow\" href=\"https:\/\/www.journalducameroun.com\/lancement-a-rabat-de-lassociation-africaine-de-radiopharmacie\/\">Lancement \u00e0 Rabat de l\u2019Association africaine de Radiopharmacie<\/a> est apparu en premier sur <a rel=\"nofollow\" href=\"https:\/\/www.journalducameroun.com\/\">Journal du Cameroun<\/a>.<\/p>\n<\/div>\n<p>Auteur: APA News<br \/>\n<a href=\"https:\/\/www.journalducameroun.com\/lancement-a-rabat-de-lassociation-africaine-de-radiopharmacie\/\">Cliquez ici pour lire l&rsquo;article depuis sa source.<\/a><\/p>\n","protected":false},"excerpt":{"rendered":"<p>L&rsquo;Association africaine de Radiopharmacie (AFRAR), fruit du projet r\u00e9gional du renforcement des capacit\u00e9s de radiopharmaceutiques en Afrique, a \u00e9t\u00e9 lanc\u00e9e vendredi dernier \u00e0 Rabat, par le Centre marocain de l&rsquo;\u00e9nergie, des sciences et des techniques nucl\u00e9aires (CNESTEN), annonce lundi un communiqu\u00e9 du Centre.Cette association, lanc\u00e9e dans le cadre du partenariat du CNESTEN avec l&rsquo;Agence internationale [&hellip;]<\/p>\n","protected":false},"author":1965,"featured_media":0,"comment_status":"closed","ping_status":"closed","sticky":false,"template":"","format":"standard","meta":{"fifu_image_url":"https:\/\/www.journalducameroun.com\/wp-content\/uploads\/2022\/03\/16466878844374.jpg","fifu_image_alt":"Lancement \u00e0 Rabat de l\u2019Association africaine de Radiopharmacie","footnotes":""},"categories":[73,82],"tags":[],"class_list":["post-142569","post","type-post","status-publish","format-standard","hentry","category-actualite","category-cameroun"],"_links":{"self":[{"href":"https:\/\/linitiative.ca\/International\/wp-json\/wp\/v2\/posts\/142569","targetHints":{"allow":["GET"]}}],"collection":[{"href":"https:\/\/linitiative.ca\/International\/wp-json\/wp\/v2\/posts"}],"about":[{"href":"https:\/\/linitiative.ca\/International\/wp-json\/wp\/v2\/types\/post"}],"author":[{"embeddable":true,"href":"https:\/\/linitiative.ca\/International\/wp-json\/wp\/v2\/users\/1965"}],"replies":[{"embeddable":true,"href":"https:\/\/linitiative.ca\/International\/wp-json\/wp\/v2\/comments?post=142569"}],"version-history":[{"count":0,"href":"https:\/\/linitiative.ca\/International\/wp-json\/wp\/v2\/posts\/142569\/revisions"}],"wp:attachment":[{"href":"https:\/\/linitiative.ca\/International\/wp-json\/wp\/v2\/media?parent=142569"}],"wp:term":[{"taxonomy":"category","embeddable":true,"href":"https:\/\/linitiative.ca\/International\/wp-json\/wp\/v2\/categories?post=142569"},{"taxonomy":"post_tag","embeddable":true,"href":"https:\/\/linitiative.ca\/International\/wp-json\/wp\/v2\/tags?post=142569"}],"curies":[{"name":"wp","href":"https:\/\/api.w.org\/{rel}","templated":true}]}}