{"id":142571,"date":"2022-03-07T16:18:04","date_gmt":"2022-03-07T21:18:04","guid":{"rendered":"https:\/\/linitiative.ca\/International\/maroc-plus-de-660-000-passagers-accueillis-dans-les-aeroports-en-moins-dun-mois\/"},"modified":"2022-03-07T16:18:04","modified_gmt":"2022-03-07T21:18:04","slug":"maroc-plus-de-660-000-passagers-accueillis-dans-les-aeroports-en-moins-dun-mois","status":"publish","type":"post","link":"https:\/\/linitiative.ca\/International\/maroc-plus-de-660-000-passagers-accueillis-dans-les-aeroports-en-moins-dun-mois\/","title":{"rendered":"Maroc: plus de 660.000 passagers accueillis dans les a\u00e9roports en moins d\u2019un mois"},"content":{"rendered":"<div>\n<p><img decoding=\"async\" width=\"296\" height=\"170\" src=\"https:\/\/linitiative.ca\/International\/wp-content\/uploads\/sites\/23\/2022\/03\/16466878845870.jpg\" class=\"attachment-post-thumbnail size-post-thumbnail wp-post-image\" alt=\"\" loading=\"lazy\" srcset=\"https:\/\/linitiative.ca\/International\/wp-content\/uploads\/sites\/23\/2022\/03\/16466878845870.jpg 296w, https:\/\/www.journalducameroun.com\/wp-content\/uploads\/2022\/03\/16466878845870-350x200.jpg 350w\" sizes=\"auto, (max-width: 296px) 100vw, 296px\"><\/p>\n<p>Les a\u00e9roports marocains ont accueilli un total de 660 045 passagers \u00e0 travers 5 714 vols a\u00e9riens, arriv\u00e9es et d\u00e9parts internationaux, durant la p\u00e9riode allant du 7 au 28 f\u00e9vrier 2022, selon l&rsquo;Office national des a\u00e9roports (ONDA).Ces vols ont permis d&rsquo;atteindre un taux de r\u00e9cup\u00e9ration par rapport \u00e0 la m\u00eame p\u00e9riode de l&rsquo;ann\u00e9e 2019, de 55% pour les passagers et 65% pour les mouvements, pr\u00e9cise l&rsquo;ONDA dans un communiqu\u00e9 sur le bilan d&rsquo;activit\u00e9 du 7 au 28 f\u00e9vrier.<\/p>\n<p>L&rsquo;a\u00e9roport Casablanca-Mohammed V, premi\u00e8re plateforme a\u00e9roportuaire du Royaume, a enregistr\u00e9, durant cette p\u00e9riode, 50% du volume du trafic a\u00e9rien global, en accueillant 2 724 vols internationaux transportant 328 627 passagers, soit un taux de r\u00e9cup\u00e9ration par rapport \u00e0 la m\u00eame p\u00e9riode de l&rsquo;ann\u00e9e 2019, de 72% pour les passagers et 74% pour les mouvements a\u00e9roportuaires, fait savoir la m\u00eame source.<\/p>\n<p>L&rsquo;Europe s&rsquo;accapare 64% du trafic a\u00e9rien international, suivie par les march\u00e9s du Moyen-Orient et de l&rsquo;Afrique avec 13% chacun, et l&rsquo;Am\u00e9rique du Nord avec 6%.<\/p>\n<p>Pour rappel, le trafic a\u00e9rien a repris depuis le 7 f\u00e9vrier et pour r\u00e9pondre aux nouvelles conditions sanitaires \u00e9dict\u00e9es par les autorit\u00e9s marocaines, l&rsquo;ONDA a mis en place un important dispositif pour l&rsquo;impl\u00e9mentation de ces nouvelles conditions d&rsquo;acc\u00e8s au territoire national permettant l&rsquo;accueil des passagers dans les meilleures conditions de sant\u00e9, de s\u00e9curit\u00e9 et de qualit\u00e9 de service. Deux chapiteaux d&rsquo;une superficie globale de 1 500 m\u00b2 ont \u00e9t\u00e9 install\u00e9s et \u00e9quip\u00e9s pour permettre au personnel de la Sant\u00e9 de proc\u00e9der aux tests antig\u00e9niques et les tests PCR dans les meilleures conditions.<\/p>\n<p>L&rsquo;ONDA fait aussi \u00e9tat d&rsquo;un renforcement des \u00e9quipes d&rsquo;exploitation de l&rsquo;a\u00e9roport par des agents d&rsquo;orientation, et des effectifs renforc\u00e9s aux niveaux des zones contr\u00f4le passeports et des comptoirs d&rsquo;enregistrement, permettant de r\u00e9duire le d\u00e9lai de traitement du passager depuis le d\u00e9barquement jusqu&rsquo;\u00e0 la sortie de l&rsquo;a\u00e9roport de 25%.<\/p>\n<p>L&rsquo;Office a \u00e9galement mis en place un centre de relations clients op\u00e9rationnel 24h\/24, permettant d&rsquo;obtenir toutes les informations pratiques relatives \u00e0 cet a\u00e9roport et recueillir les r\u00e9clamations des passagers.<\/p>\n<p>Cet article <a rel=\"nofollow\" href=\"https:\/\/www.journalducameroun.com\/maroc-plus-de-660-000-passagers-accueillis-dans-les-aeroports-en-moins-dun-mois\/\">Maroc: plus de 660.000 passagers accueillis dans les a\u00e9roports en moins d\u2019un mois<\/a> est apparu en premier sur <a rel=\"nofollow\" href=\"https:\/\/www.journalducameroun.com\/\">Journal du Cameroun<\/a>.<\/p>\n<\/div>\n<p>Auteur: APA News<br \/>\n<a href=\"https:\/\/www.journalducameroun.com\/maroc-plus-de-660-000-passagers-accueillis-dans-les-aeroports-en-moins-dun-mois\/\">Cliquez ici pour lire l&rsquo;article depuis sa source.<\/a><\/p>\n","protected":false},"excerpt":{"rendered":"<p>Les a\u00e9roports marocains ont accueilli un total de 660 045 passagers \u00e0 travers 5 714 vols a\u00e9riens, arriv\u00e9es et d\u00e9parts internationaux, durant la p\u00e9riode allant du 7 au 28 f\u00e9vrier 2022, selon l&rsquo;Office national des a\u00e9roports (ONDA).Ces vols ont permis d&rsquo;atteindre un taux de r\u00e9cup\u00e9ration par rapport \u00e0 la m\u00eame p\u00e9riode de l&rsquo;ann\u00e9e 2019, de [&hellip;]<\/p>\n","protected":false},"author":1965,"featured_media":0,"comment_status":"closed","ping_status":"closed","sticky":false,"template":"","format":"standard","meta":{"fifu_image_url":"https:\/\/www.journalducameroun.com\/wp-content\/uploads\/2022\/03\/16466878845870.jpg","fifu_image_alt":"Maroc: plus de 660.000 passagers accueillis dans les a\u00e9roports en moins d\u2019un mois","footnotes":""},"categories":[73,82],"tags":[],"class_list":["post-142571","post","type-post","status-publish","format-standard","hentry","category-actualite","category-cameroun"],"_links":{"self":[{"href":"https:\/\/linitiative.ca\/International\/wp-json\/wp\/v2\/posts\/142571","targetHints":{"allow":["GET"]}}],"collection":[{"href":"https:\/\/linitiative.ca\/International\/wp-json\/wp\/v2\/posts"}],"about":[{"href":"https:\/\/linitiative.ca\/International\/wp-json\/wp\/v2\/types\/post"}],"author":[{"embeddable":true,"href":"https:\/\/linitiative.ca\/International\/wp-json\/wp\/v2\/users\/1965"}],"replies":[{"embeddable":true,"href":"https:\/\/linitiative.ca\/International\/wp-json\/wp\/v2\/comments?post=142571"}],"version-history":[{"count":0,"href":"https:\/\/linitiative.ca\/International\/wp-json\/wp\/v2\/posts\/142571\/revisions"}],"wp:attachment":[{"href":"https:\/\/linitiative.ca\/International\/wp-json\/wp\/v2\/media?parent=142571"}],"wp:term":[{"taxonomy":"category","embeddable":true,"href":"https:\/\/linitiative.ca\/International\/wp-json\/wp\/v2\/categories?post=142571"},{"taxonomy":"post_tag","embeddable":true,"href":"https:\/\/linitiative.ca\/International\/wp-json\/wp\/v2\/tags?post=142571"}],"curies":[{"name":"wp","href":"https:\/\/api.w.org\/{rel}","templated":true}]}}