{"id":142573,"date":"2022-03-07T17:18:03","date_gmt":"2022-03-07T22:18:03","guid":{"rendered":"https:\/\/linitiative.ca\/International\/rabat-abrite-une-conference-sur-lintelligence-artificielle-au-service-de-nouveaux-modeles-de-developpement\/"},"modified":"2022-03-07T17:18:03","modified_gmt":"2022-03-07T22:18:03","slug":"rabat-abrite-une-conference-sur-lintelligence-artificielle-au-service-de-nouveaux-modeles-de-developpement","status":"publish","type":"post","link":"https:\/\/linitiative.ca\/International\/rabat-abrite-une-conference-sur-lintelligence-artificielle-au-service-de-nouveaux-modeles-de-developpement\/","title":{"rendered":"Rabat abrite une conf\u00e9rence sur l\u2019intelligence artificielle au service de nouveaux mod\u00e8les de d\u00e9veloppement"},"content":{"rendered":"<div>\n<p><img decoding=\"async\" width=\"299\" height=\"168\" src=\"https:\/\/linitiative.ca\/International\/wp-content\/uploads\/sites\/23\/2022\/03\/16466914834656.jpg\" class=\"attachment-post-thumbnail size-post-thumbnail wp-post-image\" alt=\"\" loading=\"lazy\" srcset=\"https:\/\/linitiative.ca\/International\/wp-content\/uploads\/sites\/23\/2022\/03\/16466914834656.jpg 299w, https:\/\/www.journalducameroun.com\/wp-content\/uploads\/2022\/03\/16466914834656-780x440.jpg 780w, https:\/\/www.journalducameroun.com\/wp-content\/uploads\/2022\/03\/16466914834656-380x215.jpg 380w, https:\/\/www.journalducameroun.com\/wp-content\/uploads\/2022\/03\/16466914834656-160x90.jpg 160w, https:\/\/www.journalducameroun.com\/wp-content\/uploads\/2022\/03\/16466914834656-240x135.jpg 240w\" sizes=\"auto, (max-width: 299px) 100vw, 299px\"><\/p>\n<p>\u00ab\u00a0L&rsquo;intelligence artificielle au service de nouveaux mod\u00e8les de d\u00e9veloppement\u00a0\u00bb, est le th\u00e8me d&rsquo;une conf\u00e9rence qui aura lieu, mardi \u00e0 Rabat, dans le cadre du programme d&rsquo;\u00e9tude et d&rsquo;\u00e9valuation des besoins du continent africain en mati\u00e8re d&rsquo;Intelligence artificielle (IA) r\u00e9alis\u00e9 par l&rsquo;UNESCO aupr\u00e8s de 32 pays africains.Organis\u00e9 \u00e0 l&rsquo;Universit\u00e9 Mohammed VI polytechnique (UM6P)- Campus de Rabat, en partenariat avec la Fondation OCP et le Centre international d&rsquo;intelligence artificielle du Maroc \u00ab\u00a0Ai Movement\u00a0\u00bb, ce conclave mettra en relief les apports potentiels de l&rsquo;IA au continent africain et \u00e0 l&rsquo;\u00e9laboration de nouveaux mod\u00e8les de d\u00e9veloppement adopt\u00e9s par le Maroc et d&rsquo;autres pays de l&rsquo;Afrique, selon un communiqu\u00e9 conjoint des organisateurs.<\/p>\n<p>La conf\u00e9rence abordera le sujet de \u00ab\u00a0L&rsquo;Intelligence Artificielle au service de nouveaux mod\u00e8les de d\u00e9veloppement\u00a0\u00bb et, en particulier au Maroc qui a \u00e9labor\u00e9 un \u00ab\u00a0Nouveau Mod\u00e8le de D\u00e9veloppement\u00a0\u00bb, afin de favoriser une croissance globale et inclusive pla\u00e7ant le citoyen au c\u0153ur de ce mod\u00e8le, lib\u00e9rer les \u00e9nergies, restaurer la confiance et acc\u00e9l\u00e9rer la marche vers le progr\u00e8s et la prosp\u00e9rit\u00e9 pour tous en accordant un int\u00e9r\u00eat particulier \u00e0 la jeunesse, selon la m\u00eame source.<\/p>\n<p>En 2018, l&rsquo;UNESCO, l&rsquo;Office ch\u00e9rifien des phosphates (OCP) et l&rsquo;UM6P avaient initi\u00e9 une r\u00e9flexion strat\u00e9gique autour des diff\u00e9rentes dimensions de l&rsquo;IA en Afrique.<\/p>\n<p>Cet article <a rel=\"nofollow\" href=\"https:\/\/www.journalducameroun.com\/rabat-abrite-une-conference-sur-lintelligence-artificielle-au-service-de-nouveaux-modeles-de-developpement\/\">Rabat abrite une conf\u00e9rence sur l\u2019intelligence artificielle au service de nouveaux mod\u00e8les de d\u00e9veloppement<\/a> est apparu en premier sur <a rel=\"nofollow\" href=\"https:\/\/www.journalducameroun.com\/\">Journal du Cameroun<\/a>.<\/p>\n<\/div>\n<p>Auteur: APA News<br \/>\n<a href=\"https:\/\/www.journalducameroun.com\/rabat-abrite-une-conference-sur-lintelligence-artificielle-au-service-de-nouveaux-modeles-de-developpement\/\">Cliquez ici pour lire l&rsquo;article depuis sa source.<\/a><\/p>\n","protected":false},"excerpt":{"rendered":"<p>\u00ab\u00a0L&rsquo;intelligence artificielle au service de nouveaux mod\u00e8les de d\u00e9veloppement\u00a0\u00bb, est le th\u00e8me d&rsquo;une conf\u00e9rence qui aura lieu, mardi \u00e0 Rabat, dans le cadre du programme d&rsquo;\u00e9tude et d&rsquo;\u00e9valuation des besoins du continent africain en mati\u00e8re d&rsquo;Intelligence artificielle (IA) r\u00e9alis\u00e9 par l&rsquo;UNESCO aupr\u00e8s de 32 pays africains.Organis\u00e9 \u00e0 l&rsquo;Universit\u00e9 Mohammed VI polytechnique (UM6P)- Campus de Rabat, [&hellip;]<\/p>\n","protected":false},"author":1965,"featured_media":0,"comment_status":"closed","ping_status":"closed","sticky":false,"template":"","format":"standard","meta":{"fifu_image_url":"https:\/\/www.journalducameroun.com\/wp-content\/uploads\/2022\/03\/16466914834656.jpg","fifu_image_alt":"Rabat abrite une conf\u00e9rence sur l\u2019intelligence artificielle au service de nouveaux mod\u00e8les de d\u00e9veloppement","footnotes":""},"categories":[73,82],"tags":[],"class_list":["post-142573","post","type-post","status-publish","format-standard","hentry","category-actualite","category-cameroun"],"_links":{"self":[{"href":"https:\/\/linitiative.ca\/International\/wp-json\/wp\/v2\/posts\/142573","targetHints":{"allow":["GET"]}}],"collection":[{"href":"https:\/\/linitiative.ca\/International\/wp-json\/wp\/v2\/posts"}],"about":[{"href":"https:\/\/linitiative.ca\/International\/wp-json\/wp\/v2\/types\/post"}],"author":[{"embeddable":true,"href":"https:\/\/linitiative.ca\/International\/wp-json\/wp\/v2\/users\/1965"}],"replies":[{"embeddable":true,"href":"https:\/\/linitiative.ca\/International\/wp-json\/wp\/v2\/comments?post=142573"}],"version-history":[{"count":0,"href":"https:\/\/linitiative.ca\/International\/wp-json\/wp\/v2\/posts\/142573\/revisions"}],"wp:attachment":[{"href":"https:\/\/linitiative.ca\/International\/wp-json\/wp\/v2\/media?parent=142573"}],"wp:term":[{"taxonomy":"category","embeddable":true,"href":"https:\/\/linitiative.ca\/International\/wp-json\/wp\/v2\/categories?post=142573"},{"taxonomy":"post_tag","embeddable":true,"href":"https:\/\/linitiative.ca\/International\/wp-json\/wp\/v2\/tags?post=142573"}],"curies":[{"name":"wp","href":"https:\/\/api.w.org\/{rel}","templated":true}]}}