{"id":142575,"date":"2022-03-07T11:42:07","date_gmt":"2022-03-07T16:42:07","guid":{"rendered":"https:\/\/linitiative.ca\/International\/les-exportations-de-cafe-ont-chute-de-858-en-10-ans\/"},"modified":"2022-03-07T11:42:07","modified_gmt":"2022-03-07T16:42:07","slug":"les-exportations-de-cafe-ont-chute-de-858-en-10-ans","status":"publish","type":"post","link":"https:\/\/linitiative.ca\/International\/les-exportations-de-cafe-ont-chute-de-858-en-10-ans\/","title":{"rendered":"Les exportations de caf\u00e9 ont chut\u00e9 de 85,8% en 10 ans"},"content":{"rendered":"<div>\n<p>Jadis grand pays producteur de caf\u00e9, le Cameroun n\u2019est plus que l\u2019ombre de lui-m\u00eame. Le pays enregistre au fil des ann\u00e9es une baisse de ses quantit\u00e9s productives, et par cons\u00e9quent, ne vend pas assez sur le march\u00e9 international. Selon de r\u00e9centes donn\u00e9es statistiques rendues publiques par l\u2019Office National du Cacao et du Caf\u00e9 (Oncc), sur le volume des exportations et la production commercialis\u00e9e du caf\u00e9 camerounais, Arabica et Robusta, il apparait qu\u2019au cours des dix derni\u00e8res ann\u00e9es, notamment entre 2011 et 2020, les exportations du Cameroun ont consid\u00e9rablement chut\u00e9, de 66% pour le caf\u00e9 Arabica, et de 19,8% pour le caf\u00e9 Robusta. Sur cette p\u00e9riode notamment, ces exportations sont pass\u00e9es de 2390 tonnes \u00e0 812 tonnes pour l\u2019Arabica, et de 30 400 tonnes \u00e0 6028 tonnes pour le Robusta. Les ressources g\u00e9n\u00e9r\u00e9es par lesdites exportations ont aussi baiss\u00e9, passant de 5,646 milliards \u00e0 1,021 milliards de FCFA pour l\u2019Arabica, tandis que les ventes du Robusta sont 29,749 milliards de FCFA \u00e0 17,438 milliards de FCFA.<\/p>\n<p><strong>Lire aussi : <a href=\"https:\/\/ecomatin.net\/filiere-cafe-vers-la-stagnation-de-la-production-en-2022\/\">Fili\u00e8re caf\u00e9\u00a0: vers la stagnation de la production en 2022<\/a><\/strong><\/p>\n<p>La production commercialis\u00e9e du Cameroun enregistre \u00e9galement un trend baissier, passant de 3 452 tonnes \u00e0 2350 tonnes pour l\u2019Arabica, soit une baisse de 1102 tonnes en valeur absolue, et de 31,9% sur une p\u00e9riode de dix ans. Il en est de m\u00eame avec la vari\u00e9t\u00e9 Robusta, pass\u00e9e de 38 552 tonnes en 2010 \u00e0 21 500 tonnes en 2019, soit une diff\u00e9rence de quantit\u00e9s productives de 17 052 tonnes en valeur absolue, et de 44,2%. Il faut pr\u00e9ciser que la production commercialis\u00e9e \u00e9quivaut \u00e0 une addition des exportations, des quantit\u00e9s transform\u00e9es localement, et des stocks disponibles en ann\u00e9e \u00ab n \u00bb, desquelles sont soustraites les stocks de l\u2019ann\u00e9e \u00e9coul\u00e9e. Il n\u2019est pas superflu d\u2019indiquer \u00e9galement que la transformation locale de caf\u00e9 connait une tendance haussi\u00e8re, et qu\u2019au cours de la campagne caf\u00e9i\u00e8re 2020-2021, les 29 torr\u00e9facteurs recens\u00e9s dans les bassins de production du Cameroun ont transform\u00e9 1 014 tonnes de caf\u00e9, \u00e0 en croire l\u2019Oncc.<\/p>\n<p><strong>Lire aussi : <a href=\"https:\/\/ecomatin.net\/filiere-cacao-cafe-les-torrefacteurs-francais-veulent-aider-a-la-relance-du-cafe-camerounais\/\">Fili\u00e8re cacao &amp; caf\u00e9 : les torr\u00e9facteurs fran\u00e7ais veulent aider \u00e0 la relance du caf\u00e9 camerounais<\/a><\/strong><\/p>\n<p>Cette baisse drastique de la production caf\u00e9i\u00e8re du Cameroun depuis plus d\u2019une d\u00e9cennie r\u00e9sulte, selon le Conseil interprofessionnel du cacao et du caf\u00e9 (Cicc), d\u2019une conjonction de facteurs, Il s\u2019agit principalement, de la vieillesse et la faible productivit\u00e9 des vergers, le d\u00e9sint\u00e9ressement des jeunes en raison de la faible rentabilit\u00e9, la p\u00e9nibilit\u00e9 du travail et des offres plus lucratives dans d\u2019autres secteurs d\u2019activit\u00e9s\u2026<\/p>\n<p>L\u2019article <a rel=\"nofollow\" href=\"https:\/\/ecomatin.net\/les-exportations-s-de-cafe-ont-chute-de-858-en-10-ans\/\">Les exportations de caf\u00e9 ont chut\u00e9 de 85,8% en 10 ans<\/a> est apparu en premier sur <a rel=\"nofollow\" href=\"https:\/\/ecomatin.net\/\">EcoMatin<\/a>.<\/p>\n<\/div>\n<p>Auteur: Yannick KENNE<br \/>\n<a href=\"https:\/\/ecomatin.net\/les-exportations-s-de-cafe-ont-chute-de-858-en-10-ans\/\">Cliquez ici pour lire l&rsquo;article depuis sa source.<\/a><\/p>\n","protected":false},"excerpt":{"rendered":"<p>Jadis grand pays producteur de caf\u00e9, le Cameroun n\u2019est plus que l\u2019ombre de lui-m\u00eame. Le pays enregistre au fil des ann\u00e9es une baisse de ses quantit\u00e9s productives, et par cons\u00e9quent, ne vend pas assez sur le march\u00e9 international. Selon de r\u00e9centes donn\u00e9es statistiques rendues publiques par l\u2019Office National du Cacao et du Caf\u00e9 (Oncc), sur [&hellip;]<\/p>\n","protected":false},"author":1969,"featured_media":0,"comment_status":"closed","ping_status":"closed","sticky":false,"template":"","format":"standard","meta":{"fifu_image_url":"","fifu_image_alt":"","footnotes":""},"categories":[82,78],"tags":[],"class_list":["post-142575","post","type-post","status-publish","format-standard","hentry","category-cameroun","category-economie"],"_links":{"self":[{"href":"https:\/\/linitiative.ca\/International\/wp-json\/wp\/v2\/posts\/142575","targetHints":{"allow":["GET"]}}],"collection":[{"href":"https:\/\/linitiative.ca\/International\/wp-json\/wp\/v2\/posts"}],"about":[{"href":"https:\/\/linitiative.ca\/International\/wp-json\/wp\/v2\/types\/post"}],"author":[{"embeddable":true,"href":"https:\/\/linitiative.ca\/International\/wp-json\/wp\/v2\/users\/1969"}],"replies":[{"embeddable":true,"href":"https:\/\/linitiative.ca\/International\/wp-json\/wp\/v2\/comments?post=142575"}],"version-history":[{"count":0,"href":"https:\/\/linitiative.ca\/International\/wp-json\/wp\/v2\/posts\/142575\/revisions"}],"wp:attachment":[{"href":"https:\/\/linitiative.ca\/International\/wp-json\/wp\/v2\/media?parent=142575"}],"wp:term":[{"taxonomy":"category","embeddable":true,"href":"https:\/\/linitiative.ca\/International\/wp-json\/wp\/v2\/categories?post=142575"},{"taxonomy":"post_tag","embeddable":true,"href":"https:\/\/linitiative.ca\/International\/wp-json\/wp\/v2\/tags?post=142575"}],"curies":[{"name":"wp","href":"https:\/\/api.w.org\/{rel}","templated":true}]}}