{"id":142579,"date":"2022-03-07T13:38:45","date_gmt":"2022-03-07T18:38:45","guid":{"rendered":"https:\/\/linitiative.ca\/International\/paul-biya-instruit-le-deblocage-de-27-milliards-pour-le-paiement-des-arrieres-dus-aux-enseignants\/"},"modified":"2022-03-07T13:38:45","modified_gmt":"2022-03-07T18:38:45","slug":"paul-biya-instruit-le-deblocage-de-27-milliards-pour-le-paiement-des-arrieres-dus-aux-enseignants","status":"publish","type":"post","link":"https:\/\/linitiative.ca\/International\/paul-biya-instruit-le-deblocage-de-27-milliards-pour-le-paiement-des-arrieres-dus-aux-enseignants\/","title":{"rendered":"Paul Biya instruit le d\u00e9blocage de 2,7 milliards pour le paiement des arri\u00e9r\u00e9s dus aux enseignants"},"content":{"rendered":"<div>\n<p>C\u2019est une premi\u00e8re victoire pour le corps enseignant qui entamait\u00a0ce lundi 7 mars 2022, une troisi\u00e8me semaine de gr\u00e8ve initi\u00e9e par le mouvement \u00ab On a trop support\u00e9 \u00bb. En r\u00e9ponse \u00e0 leurs revendications, le Pr\u00e9sident de la R\u00e9publique vient de d\u00e9cider de mesures d\u2019accalmie. \u00ab\u00a0J\u2019ai l\u2019honneur de vous faire conna\u00eetre qu\u2019en ex\u00e9cution des Tr\u00e8s hautes Directives de Monsieur le Pr\u00e9sident de la R\u00e9publique, le Ministre des Finances a \u00e9t\u00e9 instruit par courrier s\u00e9par\u00e9 de ce jour de proc\u00e9der en urgence \u00e0 la lev\u00e9e du blocage de pr\u00e9caution budg\u00e9taire au profit du Minesec et du Minedub, afin de r\u00e9gler certaines revendications formul\u00e9es par des enseignants du secondaire\u00a0\u00bb peut-on lire sur une correspondance du Ministre d\u2019Etat, Secr\u00e9taire G\u00e9n\u00e9ral \u00e0 la Pr\u00e9sidence de la R\u00e9publique adress\u00e9e \u00e0 son homologue de la du Premier Minist\u00e8re. \u00a0Le document pr\u00e9cise qu\u2019une enveloppe de 2,7 milliards de FCFA pourra \u00eatre d\u00e9bloqu\u00e9e, laquelle ne servira qu\u2019au \u00ab\u00a0paiement des arri\u00e9r\u00e9s dus aux enseignants mobilis\u00e9s pour la correction des examens officiels organis\u00e9s par l\u2019Office du baccalaur\u00e9at du Cameroun au titre des sessions de juin 2020 et 2021\u00a0\u00bb renseigne le document. \u00a0<\/p>\n<p>Il s\u2019agit d\u2019une premi\u00e8re r\u00e9ponse \u00e0 une accumulation de manquements qui a pouss\u00e9 les enseignants \u00e0 la gr\u00e8ve.\u00a0Ils r\u00e9clament entre autres, le paiement imm\u00e9diat de la dette envers les enseignants, les 181 milliards relatifs aux rappels, avancements, allocations familiales, et autres primes,<em>\u00a0<\/em>l\u2019indexation automatique des salaires des enseignants. C\u2019est-\u00e0-dire que les salaires des enseignants doivent augmenter automatiquement si l\u2019inflation (la hausse des prix sur le march\u00e9) augmente d\u2019un certain montant, \u00e0 partir de 2% (Si les prix augmentent de 2% sur le march\u00e9, les salaires des enseignants augmentent de 2% automatiquement).\u00a0La revalorisation du salaire de base des enseignants 280 000f pour les A2 et 250 000f pour les A1 minimum,<em>\u00a0<\/em>la suppression imm\u00e9diate du syst\u00e8me de 2\/3 et d\u00e8s lors le paiement total des salaires,\u00a0le paiement total des rappels de 2\/3 et 1\/3 sans implication des taxes sur les rappels etc.<\/p>\n<p>\u00ab\u00a0L\u2019Etat reconna\u00eet l\u00e9gitimes les revendications des enseignants. Revendications parmi lesquelles\u00a0: le r\u00e8glement des compl\u00e9ments de salaire, la r\u00e9gularisation des avancements\u00a0; la prise en compte des primes de non logement, la transparence dans le processus des affectation\u2026\u00a0\u00bb indique une source \u00e0 la pr\u00e9sidence de la R\u00e9publique. La d\u00e9cision pr\u00e9sidentielle de payer les arri\u00e9r\u00e9s dus aux enseignants mobilis\u00e9s dans le cadre de la correction des examens officiels intervient 4 jours apr\u00e8s une concertation pr\u00e9sid\u00e9e par le SGPR et \u00e0 laquelle prenait part des membres du mouvement de revendication \u00abOn a trop support\u00e9\u00bb.<\/p>\n<p>L\u2019article <a rel=\"nofollow\" href=\"https:\/\/ecomatin.net\/paul-biya-instruit-le-deblocage-de-27-milliards-pour-r-le-paiement-des-arrieres-dus-aux-enseignants\/\">Paul Biya instruit le d\u00e9blocage de 2,7 milliards pour le paiement des arri\u00e9r\u00e9s dus aux enseignants<\/a> est apparu en premier sur <a rel=\"nofollow\" href=\"https:\/\/ecomatin.net\/\">EcoMatin<\/a>.<\/p>\n<\/div>\n<p>Auteur: Paul Tjeg<br \/>\n<a href=\"https:\/\/ecomatin.net\/paul-biya-instruit-le-deblocage-de-27-milliards-pour-r-le-paiement-des-arrieres-dus-aux-enseignants\/\">Cliquez ici pour lire l&rsquo;article depuis sa source.<\/a><\/p>\n","protected":false},"excerpt":{"rendered":"<p>C\u2019est une premi\u00e8re victoire pour le corps enseignant qui entamait\u00a0ce lundi 7 mars 2022, une troisi\u00e8me semaine de gr\u00e8ve initi\u00e9e par le mouvement \u00ab On a trop support\u00e9 \u00bb. En r\u00e9ponse \u00e0 leurs revendications, le Pr\u00e9sident de la R\u00e9publique vient de d\u00e9cider de mesures d\u2019accalmie. \u00ab\u00a0J\u2019ai l\u2019honneur de vous faire conna\u00eetre qu\u2019en ex\u00e9cution des Tr\u00e8s [&hellip;]<\/p>\n","protected":false},"author":1969,"featured_media":0,"comment_status":"closed","ping_status":"closed","sticky":false,"template":"","format":"standard","meta":{"fifu_image_url":"","fifu_image_alt":"","footnotes":""},"categories":[82,78],"tags":[],"class_list":["post-142579","post","type-post","status-publish","format-standard","hentry","category-cameroun","category-economie"],"_links":{"self":[{"href":"https:\/\/linitiative.ca\/International\/wp-json\/wp\/v2\/posts\/142579","targetHints":{"allow":["GET"]}}],"collection":[{"href":"https:\/\/linitiative.ca\/International\/wp-json\/wp\/v2\/posts"}],"about":[{"href":"https:\/\/linitiative.ca\/International\/wp-json\/wp\/v2\/types\/post"}],"author":[{"embeddable":true,"href":"https:\/\/linitiative.ca\/International\/wp-json\/wp\/v2\/users\/1969"}],"replies":[{"embeddable":true,"href":"https:\/\/linitiative.ca\/International\/wp-json\/wp\/v2\/comments?post=142579"}],"version-history":[{"count":0,"href":"https:\/\/linitiative.ca\/International\/wp-json\/wp\/v2\/posts\/142579\/revisions"}],"wp:attachment":[{"href":"https:\/\/linitiative.ca\/International\/wp-json\/wp\/v2\/media?parent=142579"}],"wp:term":[{"taxonomy":"category","embeddable":true,"href":"https:\/\/linitiative.ca\/International\/wp-json\/wp\/v2\/categories?post=142579"},{"taxonomy":"post_tag","embeddable":true,"href":"https:\/\/linitiative.ca\/International\/wp-json\/wp\/v2\/tags?post=142579"}],"curies":[{"name":"wp","href":"https:\/\/api.w.org\/{rel}","templated":true}]}}