{"id":142585,"date":"2022-03-08T09:52:08","date_gmt":"2022-03-08T14:52:08","guid":{"rendered":"https:\/\/linitiative.ca\/International\/sahara-marocain-washington-reitere-son-soutien-au-plan-dautonomie\/"},"modified":"2022-03-08T09:52:08","modified_gmt":"2022-03-08T14:52:08","slug":"sahara-marocain-washington-reitere-son-soutien-au-plan-dautonomie","status":"publish","type":"post","link":"https:\/\/linitiative.ca\/International\/sahara-marocain-washington-reitere-son-soutien-au-plan-dautonomie\/","title":{"rendered":"Sahara marocain : Washington r\u00e9it\u00e8re son soutien au plan d\u2019autonomie"},"content":{"rendered":"<div>\n<p><img loading=\"lazy\" decoding=\"async\" width=\"300\" height=\"153\" src=\"https:\/\/linitiative.ca\/International\/wp-content\/uploads\/sites\/23\/2022\/03\/Wendy-Sherman-et-Bourita-300x153-1.jpg\" class=\"attachment-medium size-medium wp-post-image\" alt=\"\" srcset=\"https:\/\/linitiative.ca\/International\/wp-content\/uploads\/sites\/23\/2022\/03\/Wendy-Sherman-et-Bourita-300x153-1.jpg 300w, https:\/\/aujourdhui.ma\/wp-content\/uploads\/2022\/03\/Wendy-Sherman-et-Bourita-274x140.jpg 274w, https:\/\/aujourdhui.ma\/wp-content\/uploads\/2022\/03\/Wendy-Sherman-et-Bourita.jpg 746w, https:\/\/aujourdhui.ma\/wp-content\/uploads\/2022\/03\/Wendy-Sherman-et-Bourita-165x84.jpg 165w, https:\/\/aujourdhui.ma\/wp-content\/uploads\/2022\/03\/Wendy-Sherman-et-Bourita-702x358.jpg 702w\" sizes=\"auto, (max-width: 300px) 100vw, 300px\"><\/p>\n<p><span style=\"font-size: 20px; color: #800000;\"><strong>La Sous-secr\u00e9taire d\u2019\u00c9tat am\u00e9ricaine, Wendy Sherman, en visite au Royaume, a r\u00e9it\u00e9r\u00e9, mardi \u00e0 Rabat, le soutien de Washington au plan d\u2019autonomie, propos\u00e9 par le Maroc en 2007, en tant que solution d\u00e9finitive au conflit artificiel autour du Sahara marocain.<\/strong><\/span><span id=\"more-401790\"><\/span><\/p>\n<p>\u00ab\u00a0Les \u00c9tats-Unis continuent de consid\u00e9rer le plan d\u2019autonomie marocain comme s\u00e9rieux, cr\u00e9dible et r\u00e9aliste, et en tant qu\u2019approche pouvant r\u00e9pondre aux aspirations des populations de la r\u00e9gion\u00a0\u00bb, a affirm\u00e9 la responsable am\u00e9ricaine, qui a eu des consultations politiques avec le ministre des Affaires \u00e9trang\u00e8res, de la Coop\u00e9ration africaine et des Marocains r\u00e9sidant \u00e0 l\u2019\u00e9tranger, Nasser Bourita, et a co-pr\u00e9sid\u00e9 avec lui la session du dialogue strat\u00e9gique Maroc-\u00c9tats-Unis sur les questions politiques r\u00e9gionales.<\/p>\n<p>A cette occasion, les deux parties ont exprim\u00e9 leur \u00ab\u00a0soutien ferme\u00a0\u00bb \u00e0 l\u2019Envoy\u00e9 Personnel du Secr\u00e9taire g\u00e9n\u00e9ral de l\u2019ONU, M. Staffan de Mistura, dans la conduite du processus politique relatif au Sahara, men\u00e9 sous les auspices des Nations Unies, indique un communiqu\u00e9 conjoint ayant sanctionn\u00e9 cette session du dialogue strat\u00e9gique.<\/p>\n<p>M. Bourita et Mme Sherman ont d\u2019ailleurs \u00e9voqu\u00e9 la D\u00e9claration conjointe, sign\u00e9e le 22 d\u00e9cembre 2020 par le Royaume du Maroc, les Etats-Unis d\u2019Am\u00e9rique et l\u2019Etat d\u2019Isra\u00ebl, consacrant la reconnaissance am\u00e9ricaine de la pleine souverainet\u00e9 du Royaume sur son Sahara, de m\u00eame qu\u2019ils ont discut\u00e9 des moyens de renforcer cette coop\u00e9ration.<\/p>\n<p>La responsable am\u00e9ricaine a salu\u00e9, dans ce sens, l\u2019approfondissement continu des relations entre le Maroc et Isra\u00ebl.<\/p>\n<p>Le dialogue strat\u00e9gique Maroc-\u00c9tats-Unis sur les questions politiques r\u00e9gionales a \u00e9t\u00e9 l\u2019occasion pour les diplomaties am\u00e9ricaine et marocaine de passer en revue une s\u00e9rie de questions d\u2019int\u00e9r\u00eat commun, dont la coop\u00e9ration dans le domaine de la s\u00e9curit\u00e9 et des droits de l\u2019Homme, et de couvrir des questions d\u2019ordre r\u00e9gional ayant trait au Sahel, \u00e0 la Libye et \u00e0 l\u2019Ukraine.<\/p>\n<p>Ce dialogue s\u2019inscrit dans le cadre des consultations strat\u00e9giques r\u00e9guli\u00e8res entre le Royaume du Maroc et les Etats-Unis d\u2019Am\u00e9rique.<\/p>\n<\/div>\n<p>Auteur: ALM<br \/>\n<a href=\"https:\/\/aujourdhui.ma\/actualite\/sahara-marocain-washington-reitere-son-soutien-au-plan-dautonomie\">Cliquez ici pour lire l&rsquo;article depuis sa source.<\/a><\/p>\n","protected":false},"excerpt":{"rendered":"<p>La Sous-secr\u00e9taire d\u2019\u00c9tat am\u00e9ricaine, Wendy Sherman, en visite au Royaume, a r\u00e9it\u00e9r\u00e9, mardi \u00e0 Rabat, le soutien de Washington au plan d\u2019autonomie, propos\u00e9 par le Maroc en 2007, en tant que solution d\u00e9finitive au conflit artificiel autour du Sahara marocain. \u00ab\u00a0Les \u00c9tats-Unis continuent de consid\u00e9rer le plan d\u2019autonomie marocain comme s\u00e9rieux, cr\u00e9dible et r\u00e9aliste, et [&hellip;]<\/p>\n","protected":false},"author":1759,"featured_media":0,"comment_status":"closed","ping_status":"closed","sticky":false,"template":"","format":"standard","meta":{"fifu_image_url":"https:\/\/aujourdhui.ma\/wp-content\/uploads\/2022\/03\/Wendy-Sherman-et-Bourita-300x153.jpg","fifu_image_alt":"Sahara marocain : Washington r\u00e9it\u00e8re son soutien au plan d\u2019autonomie","footnotes":""},"categories":[73,54],"tags":[],"class_list":["post-142585","post","type-post","status-publish","format-standard","hentry","category-actualite","category-maroc"],"_links":{"self":[{"href":"https:\/\/linitiative.ca\/International\/wp-json\/wp\/v2\/posts\/142585","targetHints":{"allow":["GET"]}}],"collection":[{"href":"https:\/\/linitiative.ca\/International\/wp-json\/wp\/v2\/posts"}],"about":[{"href":"https:\/\/linitiative.ca\/International\/wp-json\/wp\/v2\/types\/post"}],"author":[{"embeddable":true,"href":"https:\/\/linitiative.ca\/International\/wp-json\/wp\/v2\/users\/1759"}],"replies":[{"embeddable":true,"href":"https:\/\/linitiative.ca\/International\/wp-json\/wp\/v2\/comments?post=142585"}],"version-history":[{"count":0,"href":"https:\/\/linitiative.ca\/International\/wp-json\/wp\/v2\/posts\/142585\/revisions"}],"wp:attachment":[{"href":"https:\/\/linitiative.ca\/International\/wp-json\/wp\/v2\/media?parent=142585"}],"wp:term":[{"taxonomy":"category","embeddable":true,"href":"https:\/\/linitiative.ca\/International\/wp-json\/wp\/v2\/categories?post=142585"},{"taxonomy":"post_tag","embeddable":true,"href":"https:\/\/linitiative.ca\/International\/wp-json\/wp\/v2\/tags?post=142585"}],"curies":[{"name":"wp","href":"https:\/\/api.w.org\/{rel}","templated":true}]}}