{"id":142594,"date":"2022-03-07T13:00:00","date_gmt":"2022-03-07T18:00:00","guid":{"rendered":"https:\/\/linitiative.ca\/International\/bouayach-plaide-pour-linclusion-des-defis-climatiques\/"},"modified":"2022-03-07T13:00:00","modified_gmt":"2022-03-07T18:00:00","slug":"bouayach-plaide-pour-linclusion-des-defis-climatiques","status":"publish","type":"post","link":"https:\/\/linitiative.ca\/International\/bouayach-plaide-pour-linclusion-des-defis-climatiques\/","title":{"rendered":"Bouayach plaide pour l\u2019inclusion des d\u00e9fis climatiques"},"content":{"rendered":"<div>\n<p class=\"has-text-align-center has-vivid-cyan-blue-color has-text-color\"><strong>Agenda du GT du RINADH sur la migration<\/strong><\/p>\n<p class=\"has-black-color has-text-color\"><strong>La Pr\u00e9sidente du Conseil national des droits de l\u2019Homme (CNDH), Amina Bouayach a plaid\u00e9, jeudi \u00e0 Rabat, pour l\u2019inclusion des d\u00e9fis climatiques dans le prochain plan d\u2019action 2022-2023 du groupe de travail du R\u00e9seau des Institutions Nationales Africaines des Droits de l\u2019Homme (RINADH) sur la migration.<\/strong><\/p>\n<p class=\"has-black-color has-text-color\">Intervenant lors de la 7\u00e8me r\u00e9union du GT du RINADH sur la migration tenue \u00e0 Rabat, Mme Bouayach \u00e9galement pr\u00e9sidente de ce Groupe a soulign\u00e9 que les questions relatives aux d\u00e9fis climatiques, comme \u00e9tant des questions \u00e9mergentes et urgentes li\u00e9es \u00e0 la migration doivent \u00eatre prises en consid\u00e9ration lors de l\u2019\u00e9laboration du prochain plan d\u2019action de l\u2019instance panafricaine.<br \/>\u00ab\u00a0Il s\u2019agit d\u2019une nouvelle donne, qui impacte la d\u00e9cision des milliers de migrants \u00e0 quitter leurs terres, et leur pays, soit en raison de s\u00e9cheresse, des inondations ou de la d\u00e9forestation, les rendant ainsi des cibles des r\u00e9seaux ill\u00e9gaux et criminels\u00a0\u00bb, a-t-elle dit lors de cette r\u00e9union \u00e0 laquelle ont pris part, outre le Maroc, la Mauritanie, le Zimbabwe, le Niger et le Kenya.<\/p>\n<p class=\"has-black-color has-text-color\">La r\u00e9union a \u00e9t\u00e9 aussi l\u2019occasion, pour la pr\u00e9sidente du CNDH de pr\u00e9voir des actions de promotion, en collaboration avec les diff\u00e9rentes entit\u00e9s agissant dans le domaine, pour faire face aux discours de x\u00e9nophobie et prot\u00e9ger les migrants des actes de racisme et de discrimination de diff\u00e9rentes formes.<br \/>Au menu de l\u2019ordre du jour, les participants comptent \u00e9changer \u00e0 propos du prochain forum international d\u2019examen des migrations internationales et qui examinera les progr\u00e8s accomplis et les d\u00e9fis restant \u00e0 relever dans la mise en \u0153uvre du Pacte mondial sur les migrations (PMM) sur la gouvernance des migrations.<br \/>\u00ab\u00a0Notre prochaine \u00e9tape est, donc, d\u2019assurer une participation active du GT au prochain Forum international d\u2019examen des migrations internationales\u00a0\u00bb a-t-elle relev\u00e9.<\/p>\n<p class=\"has-black-color has-text-color\">Par ailleurs, Mme Bouayach n\u2019a pas manqu\u00e9 de faire appel au rapport du Secr\u00e9taire g\u00e9n\u00e9ral des Nations unies (16 f\u00e9vrier dernier), qui a mis en \u00e9vidence les domaines dans lesquels des progr\u00e8s particuliers ont \u00e9t\u00e9 accomplis, notamment l\u2019incidence de la traite des humains, les mesures visant \u00e0 mettre fin \u00e0 la d\u00e9tention d\u2019enfants par les services d\u2019immigration et \u00e0 investir dans des alternatives non privatives de libert\u00e9 et fond\u00e9es sur les droits de l\u2019homme et l\u2019importance d\u2019une protection et de services consulaires efficaces pour les migrants y compris ceux en situation irr\u00e9guli\u00e8re.<\/p>\n<p class=\"has-black-color has-text-color\">S\u2019attardant sur les activit\u00e9s du GT durant les derniers rendez-vous internationaux en la mati\u00e8re, Mme Bouayach a fait savoir que le groupe de travail a pris part \u00e0 plusieurs rencontres relatives \u00e0 l\u2019\u00e9valuation des progr\u00e8s accomplis dans la mise en \u0153uvre des 23 objectifs du PMM et les d\u00e9fis qu\u2019ils ont soulev\u00e9s.<br \/>Ainsi, des documents du GT ont \u00e9t\u00e9 \u00e9labor\u00e9s et partag\u00e9s avec le R\u00e9seau de l\u2019ONU sur les Migrations, a-t-elle dit, notant que le GT migration du RINADH a pris part \u00e0 plusieurs r\u00e9unions, notamment la consultation mondiale, (27 janvier 2022), ainsi qu\u2019aux quatre tables rondes en guise de pr\u00e9paration du Forum international d\u2019examen des migrations tenues respectivement les 19 et 26 janvier et les 2 et 9 f\u00e9vrier 2022, chacune s\u2019\u00e9tant pench\u00e9e sur un objectif du PMM.<\/p>\n<p class=\"has-black-color has-text-color\">Aussi, le GT a pris par \u00e0 la consultation multipartite de la r\u00e9gion arabe, le 10 f\u00e9vrier dernier, lors de laquelle il a \u00e9t\u00e9 rappel\u00e9 par les participants le contenu du rapport, de SM le Roi du Maroc en sa qualit\u00e9 de leader de l\u2019union africaine sur la question de la migration, relatif au suivi de l\u2019op\u00e9rationnalisation de l\u2019observatoire africain des migrations au Maroc, pr\u00e9sent\u00e9, lors de la 35\u00e8me session de la Conf\u00e9rence des chefs d\u2019Etat et de gouvernement de l\u2019UA.<br \/>Lors de ces participations, plusieurs observations ont \u00e9t\u00e9 relev\u00e9es en mettant l\u2019accent sur le r\u00f4le jou\u00e9 par les organisations de la soci\u00e9t\u00e9 civile et les d\u00e9fenseurs des droits de l\u2019Homme ainsi que l\u2019observatoire africain sur la migration en vue de collecter et fournir des informations.<\/p>\n<p>L\u2019article <a rel=\"nofollow\" href=\"http:\/\/albayane.press.ma\/bouayach-plaide-pour-linclusion-des-defis-climatiques.html\">Bouayach plaide pour l\u2019inclusion des d\u00e9fis climatiques<\/a> est apparu en premier sur <a rel=\"nofollow\" href=\"http:\/\/albayane.press.ma\/\">ALBAYANE<\/a>.<\/p>\n<\/div>\n<p>Auteur: M&rsquo;hammed rahal<br \/>\n<a href=\"http:\/\/albayane.press.ma\/bouayach-plaide-pour-linclusion-des-defis-climatiques.html\">Cliquez ici pour lire l&rsquo;article depuis sa source.<\/a><\/p>\n","protected":false},"excerpt":{"rendered":"<p>Agenda du GT du RINADH sur la migration La Pr\u00e9sidente du Conseil national des droits de l\u2019Homme (CNDH), Amina Bouayach a plaid\u00e9, jeudi \u00e0 Rabat, pour l\u2019inclusion des d\u00e9fis climatiques dans le prochain plan d\u2019action 2022-2023 du groupe de travail du R\u00e9seau des Institutions Nationales Africaines des Droits de l\u2019Homme (RINADH) sur la migration. Intervenant [&hellip;]<\/p>\n","protected":false},"author":1760,"featured_media":0,"comment_status":"closed","ping_status":"closed","sticky":false,"template":"","format":"standard","meta":{"fifu_image_url":"","fifu_image_alt":"","footnotes":""},"categories":[73,54],"tags":[],"class_list":["post-142594","post","type-post","status-publish","format-standard","hentry","category-actualite","category-maroc"],"_links":{"self":[{"href":"https:\/\/linitiative.ca\/International\/wp-json\/wp\/v2\/posts\/142594","targetHints":{"allow":["GET"]}}],"collection":[{"href":"https:\/\/linitiative.ca\/International\/wp-json\/wp\/v2\/posts"}],"about":[{"href":"https:\/\/linitiative.ca\/International\/wp-json\/wp\/v2\/types\/post"}],"author":[{"embeddable":true,"href":"https:\/\/linitiative.ca\/International\/wp-json\/wp\/v2\/users\/1760"}],"replies":[{"embeddable":true,"href":"https:\/\/linitiative.ca\/International\/wp-json\/wp\/v2\/comments?post=142594"}],"version-history":[{"count":0,"href":"https:\/\/linitiative.ca\/International\/wp-json\/wp\/v2\/posts\/142594\/revisions"}],"wp:attachment":[{"href":"https:\/\/linitiative.ca\/International\/wp-json\/wp\/v2\/media?parent=142594"}],"wp:term":[{"taxonomy":"category","embeddable":true,"href":"https:\/\/linitiative.ca\/International\/wp-json\/wp\/v2\/categories?post=142594"},{"taxonomy":"post_tag","embeddable":true,"href":"https:\/\/linitiative.ca\/International\/wp-json\/wp\/v2\/tags?post=142594"}],"curies":[{"name":"wp","href":"https:\/\/api.w.org\/{rel}","templated":true}]}}