{"id":142595,"date":"2022-03-07T13:00:00","date_gmt":"2022-03-07T18:00:00","guid":{"rendered":"https:\/\/linitiative.ca\/International\/france-deux-journees-celebrant-le-sahara-marocain\/"},"modified":"2022-03-07T13:00:00","modified_gmt":"2022-03-07T18:00:00","slug":"france-deux-journees-celebrant-le-sahara-marocain","status":"publish","type":"post","link":"https:\/\/linitiative.ca\/International\/france-deux-journees-celebrant-le-sahara-marocain\/","title":{"rendered":"France : Deux journ\u00e9es c\u00e9l\u00e9brant le Sahara marocain"},"content":{"rendered":"<div>\n<p class=\"has-text-align-center has-vivid-red-color has-text-color\"><strong>A l\u2019initiative du Consulat du Royaume \u00e0 Strasbourg<\/strong><\/p>\n<p class=\"has-black-color has-text-color\"><strong>Le Consulat G\u00e9n\u00e9ral du Maroc \u00e0 Strasbourg organise, lundi et mardi, l\u2019\u00e9v\u00e9nement \u00ab Journ\u00e9es Sahara Marocain \u00bb consacr\u00e9 \u00e0 \u00e9changer sur l\u2019histoire du Sahara marocain et de la culture du d\u00e9sert et \u00e0 honorer les actions des membres de la communaut\u00e9 marocaine et leur mobilisation constante pour la d\u00e9fense des int\u00e9r\u00eats du Royaume et de la cause nationale.<\/strong><\/p>\n<p class=\"has-black-color has-text-color\">Cette initiative qui co\u00efncide avec la Journ\u00e9e Internationale de la Femme est l\u2019occasion de rendre hommage \u00e0 la femme sahraouie et \u00e0 son r\u00f4le en tant qu\u2019acteur de d\u00e9veloppement dans les Provinces du Sud, mais \u00e9galement de mettre la lumi\u00e8re sur la situation des droits de la femme, notamment celles des camps de Tindouf confront\u00e9es au quotidien aux affres de la s\u00e9questration et des violations de leurs droits. Un hommage particulier est rendu, \u00e0 cette occasion, aux femmes immigr\u00e9es, \u00e0 leur patriotisme et \u00e0 leurs contributions citoyennes, indique un communiqu\u00e9 du consulat.<\/p>\n<p class=\"has-black-color has-text-color\">Cet \u00e9v\u00e9nement est ponctu\u00e9 d\u2019un riche programme incluant d\u00e9bats et \u00e9changes sur la r\u00e9alit\u00e9 du conflit artificiel autour du Sahara marocain, de son histoire et sur la culture mill\u00e9naire du d\u00e9sert, avec la projection de deux documentaires \u00ab le Maroc et les mouvements de lib\u00e9ration en Afrique \u00bb de son r\u00e9alisateur Hassan El Bouharrouti et \u00ab Zawaya Al-Sahraa, Zawaya Al-Watan \u00bb de sa r\u00e9alisatrice Majda Benkirane, ajoute la m\u00eame source.<br \/>Le r\u00f4le de la diaspora marocaine dans la d\u00e9fense des questions nationales, et particuli\u00e8rement l\u2019int\u00e9grit\u00e9 territoriale, est au centre d\u2019une conf\u00e9rence anim\u00e9e par Boubker Hamdani, Pr\u00e9sident du Centre de r\u00e9flexion strat\u00e9gique et de d\u00e9fense de la d\u00e9mocratie (CRSDD).<\/p>\n<p class=\"has-black-color has-text-color\">Pour sa part, la militante sahraouie Aicha Douihi, Pr\u00e9sidente de l\u2019Observatoire sahraoui pour la paix, la d\u00e9mocratie et les droits de l\u2019homme, fera le point de de la situation des droits de l\u2019Homme dans les camps de Tindouf et les abus inflig\u00e9s \u00e0 l\u2019encontre de population sahraouie et notamment, les femmes.<br \/>Dans le cadre de l\u2019initiative \u00ab Troph\u00e9es-actions \u00bb initi\u00e9e par le Consulat, des distinctions seront remises \u00e0 des militantes et des militants de la soci\u00e9t\u00e9 civile franco-marocaine qui ont toujours montr\u00e9 un soutien et un attachement ind\u00e9fectibles \u00e0 la d\u00e9fense des int\u00e9r\u00eats du Maroc, et plus particuli\u00e8rement \u00e0 l\u2019int\u00e9grit\u00e9 territoriale de leur pays d\u2019origine, poursuit-on.<\/p>\n<p class=\"has-black-color has-text-color\">Les Journ\u00e9es Sahara Marocain est un \u00e9v\u00e9nement qui s\u2019inscrit dans le cadre des activit\u00e9s initi\u00e9es par le Consulat au profit de la communaut\u00e9 marocaine du grand Est, visant \u00e0 les rapprocher davantage des r\u00e9alit\u00e9s historiques et culturelles de leur pays d\u2019origine, et \u00e0 renforcer leur attachement \u00e0 la m\u00e8re-patrie et \u00e0 la d\u00e9fense de l\u2019int\u00e9grit\u00e9 territoriale du Royaume.<\/p>\n<p>L\u2019article <a rel=\"nofollow\" href=\"http:\/\/albayane.press.ma\/france-deux-journees-celebrant-le-sahara-marocain.html\">France : Deux journ\u00e9es c\u00e9l\u00e9brant le Sahara marocain<\/a> est apparu en premier sur <a rel=\"nofollow\" href=\"http:\/\/albayane.press.ma\/\">ALBAYANE<\/a>.<\/p>\n<\/div>\n<p>Auteur: M&rsquo;hammed rahal<br \/>\n<a href=\"http:\/\/albayane.press.ma\/france-deux-journees-celebrant-le-sahara-marocain.html\">Cliquez ici pour lire l&rsquo;article depuis sa source.<\/a><\/p>\n","protected":false},"excerpt":{"rendered":"<p>A l\u2019initiative du Consulat du Royaume \u00e0 Strasbourg Le Consulat G\u00e9n\u00e9ral du Maroc \u00e0 Strasbourg organise, lundi et mardi, l\u2019\u00e9v\u00e9nement \u00ab Journ\u00e9es Sahara Marocain \u00bb consacr\u00e9 \u00e0 \u00e9changer sur l\u2019histoire du Sahara marocain et de la culture du d\u00e9sert et \u00e0 honorer les actions des membres de la communaut\u00e9 marocaine et leur mobilisation constante pour [&hellip;]<\/p>\n","protected":false},"author":1760,"featured_media":0,"comment_status":"closed","ping_status":"closed","sticky":false,"template":"","format":"standard","meta":{"fifu_image_url":"","fifu_image_alt":"","footnotes":""},"categories":[73,54],"tags":[],"class_list":["post-142595","post","type-post","status-publish","format-standard","hentry","category-actualite","category-maroc"],"_links":{"self":[{"href":"https:\/\/linitiative.ca\/International\/wp-json\/wp\/v2\/posts\/142595","targetHints":{"allow":["GET"]}}],"collection":[{"href":"https:\/\/linitiative.ca\/International\/wp-json\/wp\/v2\/posts"}],"about":[{"href":"https:\/\/linitiative.ca\/International\/wp-json\/wp\/v2\/types\/post"}],"author":[{"embeddable":true,"href":"https:\/\/linitiative.ca\/International\/wp-json\/wp\/v2\/users\/1760"}],"replies":[{"embeddable":true,"href":"https:\/\/linitiative.ca\/International\/wp-json\/wp\/v2\/comments?post=142595"}],"version-history":[{"count":0,"href":"https:\/\/linitiative.ca\/International\/wp-json\/wp\/v2\/posts\/142595\/revisions"}],"wp:attachment":[{"href":"https:\/\/linitiative.ca\/International\/wp-json\/wp\/v2\/media?parent=142595"}],"wp:term":[{"taxonomy":"category","embeddable":true,"href":"https:\/\/linitiative.ca\/International\/wp-json\/wp\/v2\/categories?post=142595"},{"taxonomy":"post_tag","embeddable":true,"href":"https:\/\/linitiative.ca\/International\/wp-json\/wp\/v2\/tags?post=142595"}],"curies":[{"name":"wp","href":"https:\/\/api.w.org\/{rel}","templated":true}]}}