{"id":142597,"date":"2022-03-07T13:08:00","date_gmt":"2022-03-07T18:08:00","guid":{"rendered":"https:\/\/linitiative.ca\/International\/mohammed-vi-la-vision-dun-roi-actions-et-ambitions\/"},"modified":"2022-03-07T13:08:00","modified_gmt":"2022-03-07T18:08:00","slug":"mohammed-vi-la-vision-dun-roi-actions-et-ambitions","status":"publish","type":"post","link":"https:\/\/linitiative.ca\/International\/mohammed-vi-la-vision-dun-roi-actions-et-ambitions\/","title":{"rendered":"\u00abMohammed VI, la Vision d\u2019un Roi : actions et ambitions\u00bb"},"content":{"rendered":"<div>\n<p class=\"has-text-align-center has-vivid-red-color has-text-color\"><strong>Rencontre-d\u00e9bat \u00e0 Montpellier autour du livre de Jean-Marie Heydt<\/strong><\/p>\n<p class=\"has-black-color has-text-color\"><strong>Une rencontre-d\u00e9bat autour de l\u2019ouvrage \u00ab\u00a0Mohammed VI, la Vision d\u2019un Roi : actions et ambitions\u00a0\u00bb, de Jean-Marie Heydt, s\u2019est tenue r\u00e9cemment \u00e0 Montpellier, \u00e0 l\u2019initiative du consulat g\u00e9n\u00e9ral du Royaume.<br \/>\u00ab\u00a0Le Maroc, ses r\u00e9alisations tous azimuts et ses projections multiples\u00a0\u00bb , telle est la th\u00e9matique abord\u00e9e par le chercheur franco-suisse dans son ouvrage paru aux \u00e9ditions Favre \u00e0 Lausanne en Suisse.<\/strong><\/p>\n<p class=\"has-black-color has-text-color\">Lors de cette rencontre organis\u00e9e \u00e0 l\u2019initiative de Nouzha Sahel, Consule g\u00e9n\u00e9rale du Maroc \u00e0 Montpellier, en pr\u00e9sence de plusieurs personnalit\u00e9s fran\u00e7aises, l\u2019auteur de l\u2019ouvrage, \u00e9galement Pr\u00e9sident d\u2019honneur de la Conf\u00e9rence des organisations internationales non gouvernementales du Conseil de l\u2019Europe,- et l\u2019audience se sont pr\u00eat\u00e9s \u00e0 un \u00e9change fructueux autour des th\u00e9matiques du livre et mis en exergue les choix strat\u00e9giques perspicaces et de longue vue op\u00e9r\u00e9s par le Royaume sous le leadership de SM le Roi Mohammed VI.<\/p>\n<p class=\"has-black-color has-text-color\">Des choix qui conf\u00e8rent au Royaume de nouvelles responsabilit\u00e9s au niveau r\u00e9gional et international en tant que p\u00f4le de stabilit\u00e9 et partenaire fiable et incontournable. Jean-Marie Heydt en veut pour preuve \u00ab la r\u00e9\u00e9lection \u00e0 la pr\u00e9sidence de la session de l\u2019environnement aux Nations-Unies qui vient d\u2019\u00eatre octroy\u00e9e au Maroc mercredi dernier\u00a0\u00bb.<br \/>Des perspectives pour de nouveaux partenariats et des actions concr\u00e8tes entre la R\u00e9gion fran\u00e7aise et le Maroc ont \u00e9t\u00e9 aussi \u00e9voqu\u00e9es, au regard de la dynamique que connaissent \u00e9galement les provinces du Sud, l\u2019essor \u00e9conomique, les opportunit\u00e9s d\u2019investissement et le potentiel que rec\u00e8lent la r\u00e9gion.<\/p>\n<p class=\"has-black-color has-text-color\">Les infrastructures d\u2019accompagnement notamment le port de Dakhla Atlantique en tant que vecteur important et moteur de cette dynamique au b\u00e9n\u00e9fice de partenariats innovants avec les pays de la r\u00e9gion ainsi qu\u2019avec l\u2019Europe sont autant de sujets qui ont ponctu\u00e9 les \u00e9changes tenus avec les S\u00e9nateurs, \u00e9galement membres du groupe d\u2019amiti\u00e9 interparlementaire Maroco-fran\u00e7ais, et repr\u00e9sentants des collectivit\u00e9s locales et de la r\u00e9gion de l\u2019Occitanie.<br \/>Par ailleurs, M. Heydt a eu des \u00e9changes avec Perla Danan, pr\u00e9sidente de la d\u00e9l\u00e9gation r\u00e9gionale du Crif Languedoc Roussillon et des membres de la d\u00e9l\u00e9gation. Cette rencontre a permis de saluer l\u2019\u00e9lan suscit\u00e9 par les accords d\u2019Abraham et des liens ind\u00e9fectibles et ininterrompus entretenus \u00e0 travers les \u00e9poques entre les juifs marocains o\u00f9 qu\u2019ils soient dans le monde.<\/p>\n<p class=\"has-black-color has-text-color\">Ils ont saisit cette occasion pour mettre en avant le leadership de SM le Roi Mohammed VI dans la promotion des valeurs de la coexistence et de la tol\u00e9rance.<br \/>L\u2019auteur de l\u2019ouvrage s\u2019est pr\u00eat\u00e9 \u00e9galement \u00e0 une s\u00e9ance de questions r\u00e9ponses avec les laur\u00e9ats marocains des universit\u00e9s de Montpellier, qui \u00e9taient convaincus que les avanc\u00e9es notoires ainsi que les succ\u00e8s engrang\u00e9s par la diplomatie de leur pays sont autant de facteurs qui suscitent un sentiment de fiert\u00e9, mais aussi de confiance en soi.<br \/>Un \u00e9change a \u00e9galement eu lieu avec des comp\u00e9tences marocaines, \u00e9tablies \u00e0 Montpellier notamment avec les membres du \u00ab\u00a0club Khalil Gibran\u00a0\u00bb regroupant des chefs d\u2019entreprises, universitaires, artistes, juristes et experts en \u00e9conomie et finance.<\/p>\n<p class=\"has-black-color has-text-color\">\u00ab\u00a0Parler de son pays d\u2019origine, le Maroc, vivre dans son pays d\u2019accueil, la France et y assumer des responsabilit\u00e9s \u00e9lectives et soci\u00e9tales, et pouvoir \u00e9tablir une saine articulation, sont autant de sujets que le groupe a pu conduire lors de cet \u00e9change. Tous unanimes sur l\u2019apport d\u2019un groupe de r\u00e9flexion issu de la diaspora et sa contribution efficiente pour accompagner l\u2019\u00e9volution relationnelle du Maroc et la France\u00a0\u00bb, a indiqu\u00e9 Jean-Marie Heydt.<br \/>Ces \u00e9changes ont \u00e9t\u00e9 marqu\u00e9s par la pr\u00e9sence de Hussein Bourgi et Jean Pierre Grand, S\u00e9nateurs de l\u2019H\u00e9rault, Fadilha Benammar Koly, Conseill\u00e8re r\u00e9gionale et vice Pr\u00e9sidente au tourisme et au Mus\u00e9e ainsi que Clare Hart, Vice pr\u00e9sidente de la m\u00e9tropole de Montpellier.<\/p>\n<p>L\u2019article <a rel=\"nofollow\" href=\"http:\/\/albayane.press.ma\/mohammed-vi-la-vision-dun-roi-actions-et-ambitions.html\">\u00abMohammed VI, la Vision d\u2019un Roi : actions et ambitions\u00bb<\/a> est apparu en premier sur <a rel=\"nofollow\" href=\"http:\/\/albayane.press.ma\/\">ALBAYANE<\/a>.<\/p>\n<\/div>\n<p>Auteur: M&rsquo;hammed rahal<br \/>\n<a href=\"http:\/\/albayane.press.ma\/mohammed-vi-la-vision-dun-roi-actions-et-ambitions.html\">Cliquez ici pour lire l&rsquo;article depuis sa source.<\/a><\/p>\n","protected":false},"excerpt":{"rendered":"<p>Rencontre-d\u00e9bat \u00e0 Montpellier autour du livre de Jean-Marie Heydt Une rencontre-d\u00e9bat autour de l\u2019ouvrage \u00ab\u00a0Mohammed VI, la Vision d\u2019un Roi : actions et ambitions\u00a0\u00bb, de Jean-Marie Heydt, s\u2019est tenue r\u00e9cemment \u00e0 Montpellier, \u00e0 l\u2019initiative du consulat g\u00e9n\u00e9ral du Royaume.\u00ab\u00a0Le Maroc, ses r\u00e9alisations tous azimuts et ses projections multiples\u00a0\u00bb , telle est la th\u00e9matique abord\u00e9e par [&hellip;]<\/p>\n","protected":false},"author":1760,"featured_media":0,"comment_status":"closed","ping_status":"closed","sticky":false,"template":"","format":"standard","meta":{"fifu_image_url":"","fifu_image_alt":"","footnotes":""},"categories":[73,54],"tags":[],"class_list":["post-142597","post","type-post","status-publish","format-standard","hentry","category-actualite","category-maroc"],"_links":{"self":[{"href":"https:\/\/linitiative.ca\/International\/wp-json\/wp\/v2\/posts\/142597","targetHints":{"allow":["GET"]}}],"collection":[{"href":"https:\/\/linitiative.ca\/International\/wp-json\/wp\/v2\/posts"}],"about":[{"href":"https:\/\/linitiative.ca\/International\/wp-json\/wp\/v2\/types\/post"}],"author":[{"embeddable":true,"href":"https:\/\/linitiative.ca\/International\/wp-json\/wp\/v2\/users\/1760"}],"replies":[{"embeddable":true,"href":"https:\/\/linitiative.ca\/International\/wp-json\/wp\/v2\/comments?post=142597"}],"version-history":[{"count":0,"href":"https:\/\/linitiative.ca\/International\/wp-json\/wp\/v2\/posts\/142597\/revisions"}],"wp:attachment":[{"href":"https:\/\/linitiative.ca\/International\/wp-json\/wp\/v2\/media?parent=142597"}],"wp:term":[{"taxonomy":"category","embeddable":true,"href":"https:\/\/linitiative.ca\/International\/wp-json\/wp\/v2\/categories?post=142597"},{"taxonomy":"post_tag","embeddable":true,"href":"https:\/\/linitiative.ca\/International\/wp-json\/wp\/v2\/tags?post=142597"}],"curies":[{"name":"wp","href":"https:\/\/api.w.org\/{rel}","templated":true}]}}