{"id":142598,"date":"2022-03-08T07:01:58","date_gmt":"2022-03-08T12:01:58","guid":{"rendered":"https:\/\/linitiative.ca\/International\/youssef-boughanem-se-lance-dans-le-mma\/"},"modified":"2022-03-08T07:01:58","modified_gmt":"2022-03-08T12:01:58","slug":"youssef-boughanem-se-lance-dans-le-mma","status":"publish","type":"post","link":"https:\/\/linitiative.ca\/International\/youssef-boughanem-se-lance-dans-le-mma\/","title":{"rendered":"Youssef Boughanem se lance dans le MMA"},"content":{"rendered":"<div>\n<p class=\"has-text-align-center has-text-color\" style=\"color:#f02727\"><strong>L\u00e9gende marocaine de Muay-Tha\u00ef<\/strong><\/p>\n<p class=\"has-text-align-right has-text-color\" style=\"color:#823131\"><strong><em>Entretien exclusif \u00e0 Al Bayane<\/em><\/strong><\/p>\n<p class=\"has-text-align-right has-black-color has-text-color\"><strong>Oussama Zidouhia<\/strong><\/p>\n<p class=\"has-black-color has-text-color\"><strong><em>Avec un palmar\u00e8s de plus de 300 combats, Youssef Boughanem, vingt-deux fois champion du monde, est une l\u00e9gende vivante qui a toujours port\u00e9 le drapeau du Maroc au plus haut sans jamais rien demander en contrepartie. Aujourd\u2019hui, Al Bayane s\u2019est entretenu avec ce guerrier du Sahara, un homme tr\u00e8s humble au grand c\u0153ur, le temps de revenir sur ses d\u00e9buts, ses accomplissements, et sa transition prochaine vers le MMA.<\/em><\/strong><\/p>\n<p class=\"has-black-color has-text-color\">N\u00e9 \u00e0 Bruxelles le 6 d\u00e9cembre 1988 de parents originaires de Tanger et d\u2019Al Hoceima, Youssef Boughanem (33 ans) est tomb\u00e9 amoureux de la boxe anglaise depuis son enfance, avant de d\u00e9couvrir le kickboxing et par la suite la boxe Thai \u00e0 12 ans. Il d\u00e9bute son apprentissage au Club Friends Gym \u00e0 Bruxelles, aux c\u00f4t\u00e9s de plusieurs champions tels que Basha Valon (champion d\u2019Europe), et Mohamed Rahhaoui (champion du monde).<\/p>\n<p class=\"has-black-color has-text-color\">Apr\u00e8s avoir pratiqu\u00e9 du football en club avec ses amis, Youssef r\u00e9alise rapidement sa pr\u00e9f\u00e9rence pour les sports individuels, dans lesquels le combattant est livr\u00e9 \u00e0 lui-m\u00eame, sans pouvoir rejeter la faute sur les autres: \u00ab\u00a0si tu gagnes c\u2019est de ta responsabilit\u00e9, si tu perds c\u2019est \u00e9galement de ta responsabilit\u00e9. J\u2019ai trouv\u00e9 mon bonheur dans cette fatalit\u00e9\u00a0\u00bb, a t-il expliqu\u00e9 en 2017, lors d\u2019un entretien avec WUSHEN FIGHT.<\/p>\n<p class=\"has-black-color has-text-color\">\u00c0 la suite du d\u00e9c\u00e8s de ses parents, Boughanem, alors \u00e2g\u00e9 de 17 ans seulement, d\u00e9cide de quitter la Belgique pour rejoindre la Tha\u00eflande avec son petit fr\u00e8re Yassine, qu\u2019il prendra en charge \u00e0 un tr\u00e8s jeune \u00e2ge et qui, tout comme son fr\u00e8re et mentor, deviendra champion du monde (Poids lourd) par la suite.<\/p>\n<p class=\"has-black-color has-text-color\">Mais avant, Youssef remporte un tournoi \u00e0 Eindhoven, dans lequel il affronte le kickboxeur n\u00e9erlandais Robin Roosmalen, et Jordy. Il gagne par la m\u00eame occasion une r\u00e9compense de 3500 euros, qu\u2019il utilisera pour prendre un billet pour lui et son petit fr\u00e8re en direction de la Tha\u00eflande, pays dans lequel il fera sa vie jusqu\u2019\u00e0 ce jour.<\/p>\n<p class=\"has-black-color has-text-color\">Boughanem signera son premier contrat professionnel au plus haut niveau dans le Muay Tha\u00ef, sport national num\u00e9ro un en Tha\u00eflande et qui fait partie int\u00e9grante de la tradition et de la culture du pays. Un art qui allie technique et force, pour un spectacle inoubliable.<\/p>\n<p class=\"has-black-color has-text-color\">Pour rappel, Youssef Boughanem a remport\u00e9 la majorit\u00e9, si ce n\u2019est tous les titres phares de sa discipline. R\u00e9cemment, le combattant marocain a suscit\u00e9 un grand int\u00e9r\u00eat dans le milieu des sports de combat, apr\u00e8s avoir annonc\u00e9 prendre sa retraite en boxe tha\u00ef pour se tourner vers le MMA.<\/p>\n<p class=\"has-black-color has-text-color\">En effet, Boughanem, qui a sign\u00e9 son contrat avec ARES Fighting Championship (promotion fran\u00e7aise de MMA cr\u00e9\u00e9e en 2019), combattra en octobre 2022\u00a0: \u00ab\u00a0A l\u2019aube de ma retraite en qualit\u00e9 de boxeur professionnel de boxe tha\u00eflandaise, je me lance un nouveau d\u00e9fi dans la reconversion vers le MMA. Tel un ph\u00e9nix qui rena\u00eet de ses cendres. Je vous promets un combat t\u00e9n\u00e9breux en octobre 2022. Je tiens \u00e0 remercier ares_fighting pour sa confiance\u00a0\u00bb, avait t\u2019il confi\u00e9 apr\u00e8s l\u2019officialisation de son arriv\u00e9e.<\/p>\n<p class=\"has-black-color has-text-color\">Cependant, avant de prendre sa retraite en boxe thai, Boughanem combattra le 26 mars en Australie le champion local DavidPennimpede (\u201174kg), le 26 juin \u00e0 Li\u00e8ge, le 23 juillet \u00eele Maurice et le 4 octobre au d\u00f4me de paris.<\/p>\n<p class=\"has-black-color has-text-color\"><em>Palmar\u00e8s\u00a0: Champion du Lumpinee stadium poids moyens en 2018, champion du monde poids moyens IBF Muaythai 2018, champion du monde poids moyens WBC Muaythai la m\u00eame ann\u00e9e, champion du Rajadamnoen stadium poids moyens en 2016, champion de l\u2019Omnoi stadium poids moyens 2015-2017 et vainqueur du Tournoi Thai Fight poids moyens (2015), un palmar\u00e8s qui ferait rougir les plus grands champions d\u2019arts martiaux.<\/em><\/p>\n<p class=\"has-black-color has-text-color\"><strong>Questions pour un champion<\/strong><\/p>\n<p class=\"has-black-color has-text-color\"><strong>Al Bayane\u00a0: Est t-il vrai que vous avez combattu 8 fois en un mois en Tha\u00eflande\u00a0?<\/strong><\/p>\n<p class=\"has-black-color has-text-color\"><strong>Youssef Boughanem<\/strong>\u00a0: Non, j\u2019ai combattus 8 fois en 5 semaines. Pour l\u2019anecdote, j\u2019ai m\u00eame box\u00e9 mon petit fr\u00e8re (Champion du Monde) un jour, lors d\u2019une c\u00e9r\u00e9monie dans une base militaire tha\u00eflandaise, l\u2019adversaire de Yassine s\u2019est absent\u00e9 et les gens voulaient absolument voir mon fr\u00e8re combattre, alors j\u2019ai accept\u00e9 \u00e0 condition que \u00e7a soit simplement pour le show (afin d\u2019\u00e9viter des blessures inutiles).<\/p>\n<p class=\"has-black-color has-text-color\"><strong>Pensez-vous que les parents marocains ont une fausse ou mauvaise impression sur les sports de combat ?<\/strong><\/p>\n<p class=\"has-black-color has-text-color\">Le Muay Tha\u00ef est un sport de contact. Ce qui est surprenant, c\u2019est qu\u2019il y a plus de bless\u00e9s au football qu\u2019en boxe. Mon sport est un sport de vigilance, de concentration, de reflexe, d\u2019attaque et de d\u00e9fense. Il est normal que les parents s\u2019inqui\u00e8tent.<\/p>\n<p class=\"has-black-color has-text-color\"><strong>Quels conseils pourriez-vous donner afin d\u2019inciter \u00e0 mieux comprendre et d\u00e9velopper ce sport au Maroc ?<\/strong><\/p>\n<p class=\"has-black-color has-text-color\">La F\u00e9d\u00e9ration Royale Marocaine de kick boxing, muay thai-savate et sports assimil\u00e9s fait tr\u00e8s bien son travail. On peut le voir dans les comp\u00e9titions amateurs, ils investissent beaucoup et cr\u00e9ent des athl\u00e8tes de renomm\u00e9e mondial dans le circuit amateur, ce n\u2019est pas pour rien que les marocains sont les meilleurs en Afrique.<\/p>\n<p class=\"has-black-color has-text-color\"><strong>Que recommandez-vous aux jeunes marocains qui souhaitent se b\u00e2tir une carri\u00e8re professionnelle dans le Muay Thai\u00a0?<\/strong><\/p>\n<p class=\"has-black-color has-text-color\">Je recommande aux jeunes marocains qui souhaitent b\u00e2tir une carri\u00e8re de voyager, trouver le bon entra\u00eeneur et les bons partenaires d\u2019entra\u00eenements pour \u00e9voluer doucement, mais surement. Il faut toujours se surpasser pour gagner chaque combat afin d\u2019acqu\u00e9rir le maximum d\u2019exp\u00e9riences.<\/p>\n<p class=\"has-black-color has-text-color\"><strong>Que repr\u00e9sente PETCHSAMAN FC pour vous\u00a0?<\/strong><\/p>\n<p class=\"has-black-color has-text-color\">Petchsaman FC, qui veut litt\u00e9ralement dire le diamant en famille, est mon premier camp de boxe, que j\u2019ai fond\u00e9 en 2014, \u00e0 Pattaya en Tha\u00eflande. Mon staff est le m\u00eame avec lequel j\u2019ai remport\u00e9 plusieurs ceintures de champion du monde. On re\u00e7oit diff\u00e9rents combattants d\u00e9sirant faire partie de l\u2019\u00e9lite et mes portes sont toujours ouvertes pour mes fr\u00e8res marocains qui souhaitent devenir des professionnels. Nous sommes une famille, on souffre ensemble, on gagne ensemble.\u00a0\u00a0<\/p>\n<p class=\"has-black-color has-text-color\"><strong>Votre plus beau souvenir du Maroc\u00a0?<\/strong><\/p>\n<p class=\"has-black-color has-text-color\">Mon plus beau souvenir, c\u2019est quand ma m\u00e8re m\u2019a fait d\u00e9couvrir la ville de F\u00e8s. On a fait un road trip du Fnideq en voiture, c\u2019est une ville magnifique hautement spirituelle et tr\u00e8s inspirante. J\u2019aimerais venir prochainement \u00e0 Marrakech pour visiter le Tombeau de Youssef Ibn Tachfin, un des plus grands hommes de l\u2019\u00e2ge d\u2019or de l\u2019islam.<\/p>\n<p class=\"has-black-color has-text-color\"><strong>Un dernier message pour vos fans\u00a0?<\/strong><\/p>\n<p class=\"has-black-color has-text-color\">Merci pour votre soutien inconditionnel, plus de 40% de mes followers sur les r\u00e9seaux sont du Maroc. Je vous aime Wlad Bladi, que Dieu vous gardes et qu\u2019inshallah, je vous fasse toujours honneur. Je remercie SM le Roi Mohammed VI qui soutient toujours les sportifs repr\u00e9sentant du Royaume.<\/p>\n<p>L\u2019article <a rel=\"nofollow\" href=\"http:\/\/albayane.press.ma\/youssef-boughanem-se-lance-dans-le-mma.html\">Youssef Boughanem se lance dans le MMA<\/a> est apparu en premier sur <a rel=\"nofollow\" href=\"http:\/\/albayane.press.ma\/\">ALBAYANE<\/a>.<\/p>\n<\/div>\n<p>Auteur: M&rsquo;hammed rahal<br \/>\n<a href=\"http:\/\/albayane.press.ma\/youssef-boughanem-se-lance-dans-le-mma.html\">Cliquez ici pour lire l&rsquo;article depuis sa source.<\/a><\/p>\n","protected":false},"excerpt":{"rendered":"<p>L\u00e9gende marocaine de Muay-Tha\u00ef Entretien exclusif \u00e0 Al Bayane Oussama Zidouhia Avec un palmar\u00e8s de plus de 300 combats, Youssef Boughanem, vingt-deux fois champion du monde, est une l\u00e9gende vivante qui a toujours port\u00e9 le drapeau du Maroc au plus haut sans jamais rien demander en contrepartie. Aujourd\u2019hui, Al Bayane s\u2019est entretenu avec ce guerrier [&hellip;]<\/p>\n","protected":false},"author":1760,"featured_media":0,"comment_status":"closed","ping_status":"closed","sticky":false,"template":"","format":"standard","meta":{"fifu_image_url":"","fifu_image_alt":"","footnotes":""},"categories":[73,54],"tags":[],"class_list":["post-142598","post","type-post","status-publish","format-standard","hentry","category-actualite","category-maroc"],"_links":{"self":[{"href":"https:\/\/linitiative.ca\/International\/wp-json\/wp\/v2\/posts\/142598","targetHints":{"allow":["GET"]}}],"collection":[{"href":"https:\/\/linitiative.ca\/International\/wp-json\/wp\/v2\/posts"}],"about":[{"href":"https:\/\/linitiative.ca\/International\/wp-json\/wp\/v2\/types\/post"}],"author":[{"embeddable":true,"href":"https:\/\/linitiative.ca\/International\/wp-json\/wp\/v2\/users\/1760"}],"replies":[{"embeddable":true,"href":"https:\/\/linitiative.ca\/International\/wp-json\/wp\/v2\/comments?post=142598"}],"version-history":[{"count":0,"href":"https:\/\/linitiative.ca\/International\/wp-json\/wp\/v2\/posts\/142598\/revisions"}],"wp:attachment":[{"href":"https:\/\/linitiative.ca\/International\/wp-json\/wp\/v2\/media?parent=142598"}],"wp:term":[{"taxonomy":"category","embeddable":true,"href":"https:\/\/linitiative.ca\/International\/wp-json\/wp\/v2\/categories?post=142598"},{"taxonomy":"post_tag","embeddable":true,"href":"https:\/\/linitiative.ca\/International\/wp-json\/wp\/v2\/tags?post=142598"}],"curies":[{"name":"wp","href":"https:\/\/api.w.org\/{rel}","templated":true}]}}