{"id":142601,"date":"2022-03-08T06:00:00","date_gmt":"2022-03-08T11:00:00","guid":{"rendered":"https:\/\/linitiative.ca\/International\/le-snapo-plaide-pour-la-reorganisation-de-la-pharmacie\/"},"modified":"2022-03-08T06:00:00","modified_gmt":"2022-03-08T11:00:00","slug":"le-snapo-plaide-pour-la-reorganisation-de-la-pharmacie","status":"publish","type":"post","link":"https:\/\/linitiative.ca\/International\/le-snapo-plaide-pour-la-reorganisation-de-la-pharmacie\/","title":{"rendered":"Le Snapo plaide pour la r\u00e9organisation de la pharmacie"},"content":{"rendered":"<div>Le minist\u00e8re de l\u2019Industrie pharmaceutique s\u2019attelle actuellement \u00e0 pr\u00e9parer un nouveau texte de loi qui permettra aux diff\u00e9rents maillons de la cha\u00eene de production du m\u00e9dicament en Alg\u00e9rie d\u2019intervenir pour contenir toute perturbation&#8230;<\/div>\n<p>Auteur:<br \/>\n<a href=\"https:\/\/www.liberte-algerie.com\/actualite\/le-snapo-plaide-pour-la-reorganisation-de-la-pharmacie-374529\">Cliquez ici pour lire l&rsquo;article depuis sa source.<\/a><\/p>\n","protected":false},"excerpt":{"rendered":"<p>Le minist\u00e8re de l\u2019Industrie pharmaceutique s\u2019attelle actuellement \u00e0 pr\u00e9parer un nouveau texte de loi qui permettra aux diff\u00e9rents maillons de la cha\u00eene de production du m\u00e9dicament en Alg\u00e9rie d\u2019intervenir pour contenir toute perturbation&#8230; Auteur: Cliquez ici pour lire l&rsquo;article depuis sa source.<\/p>\n","protected":false},"author":1742,"featured_media":0,"comment_status":"closed","ping_status":"closed","sticky":false,"template":"","format":"standard","meta":{"fifu_image_url":"","fifu_image_alt":"","footnotes":""},"categories":[73,53],"tags":[],"class_list":["post-142601","post","type-post","status-publish","format-standard","hentry","category-actualite","category-algerie"],"_links":{"self":[{"href":"https:\/\/linitiative.ca\/International\/wp-json\/wp\/v2\/posts\/142601","targetHints":{"allow":["GET"]}}],"collection":[{"href":"https:\/\/linitiative.ca\/International\/wp-json\/wp\/v2\/posts"}],"about":[{"href":"https:\/\/linitiative.ca\/International\/wp-json\/wp\/v2\/types\/post"}],"author":[{"embeddable":true,"href":"https:\/\/linitiative.ca\/International\/wp-json\/wp\/v2\/users\/1742"}],"replies":[{"embeddable":true,"href":"https:\/\/linitiative.ca\/International\/wp-json\/wp\/v2\/comments?post=142601"}],"version-history":[{"count":0,"href":"https:\/\/linitiative.ca\/International\/wp-json\/wp\/v2\/posts\/142601\/revisions"}],"wp:attachment":[{"href":"https:\/\/linitiative.ca\/International\/wp-json\/wp\/v2\/media?parent=142601"}],"wp:term":[{"taxonomy":"category","embeddable":true,"href":"https:\/\/linitiative.ca\/International\/wp-json\/wp\/v2\/categories?post=142601"},{"taxonomy":"post_tag","embeddable":true,"href":"https:\/\/linitiative.ca\/International\/wp-json\/wp\/v2\/tags?post=142601"}],"curies":[{"name":"wp","href":"https:\/\/api.w.org\/{rel}","templated":true}]}}