{"id":142602,"date":"2022-03-08T06:00:00","date_gmt":"2022-03-08T11:00:00","guid":{"rendered":"https:\/\/linitiative.ca\/International\/le-proces-datmane-mazouz-renvoye-au-14-mars\/"},"modified":"2022-03-08T06:00:00","modified_gmt":"2022-03-08T11:00:00","slug":"le-proces-datmane-mazouz-renvoye-au-14-mars","status":"publish","type":"post","link":"https:\/\/linitiative.ca\/International\/le-proces-datmane-mazouz-renvoye-au-14-mars\/","title":{"rendered":"Le proc\u00e8s d\u2019Atmane Mazouz renvoy\u00e9 au 14 mars"},"content":{"rendered":"<div>Programm\u00e9 pour hier au tribunal correctionnel de Sidi A\u00efch (B\u00e9ja\u00efa), le proc\u00e8s de l&rsquo;ancien parlementaire du Rassemblement pour la culture et la d\u00e9mocratie (RCD), Atmane Mazouz, a \u00e9t\u00e9 de nouveau renvoy\u00e9 \u00e0 l\u2019audience du 14 mars prochain.<\/div>\n<p>Auteur:<br \/>\n<a href=\"https:\/\/www.liberte-algerie.com\/actualite\/le-proces-datmane-mazouz-renvoye-au-14-mars-374528\">Cliquez ici pour lire l&rsquo;article depuis sa source.<\/a><\/p>\n","protected":false},"excerpt":{"rendered":"<p>Programm\u00e9 pour hier au tribunal correctionnel de Sidi A\u00efch (B\u00e9ja\u00efa), le proc\u00e8s de l&rsquo;ancien parlementaire du Rassemblement pour la culture et la d\u00e9mocratie (RCD), Atmane Mazouz, a \u00e9t\u00e9 de nouveau renvoy\u00e9 \u00e0 l\u2019audience du 14 mars prochain. Auteur: Cliquez ici pour lire l&rsquo;article depuis sa source.<\/p>\n","protected":false},"author":1742,"featured_media":0,"comment_status":"closed","ping_status":"closed","sticky":false,"template":"","format":"standard","meta":{"fifu_image_url":"","fifu_image_alt":"","footnotes":""},"categories":[73,53],"tags":[],"class_list":["post-142602","post","type-post","status-publish","format-standard","hentry","category-actualite","category-algerie"],"_links":{"self":[{"href":"https:\/\/linitiative.ca\/International\/wp-json\/wp\/v2\/posts\/142602","targetHints":{"allow":["GET"]}}],"collection":[{"href":"https:\/\/linitiative.ca\/International\/wp-json\/wp\/v2\/posts"}],"about":[{"href":"https:\/\/linitiative.ca\/International\/wp-json\/wp\/v2\/types\/post"}],"author":[{"embeddable":true,"href":"https:\/\/linitiative.ca\/International\/wp-json\/wp\/v2\/users\/1742"}],"replies":[{"embeddable":true,"href":"https:\/\/linitiative.ca\/International\/wp-json\/wp\/v2\/comments?post=142602"}],"version-history":[{"count":0,"href":"https:\/\/linitiative.ca\/International\/wp-json\/wp\/v2\/posts\/142602\/revisions"}],"wp:attachment":[{"href":"https:\/\/linitiative.ca\/International\/wp-json\/wp\/v2\/media?parent=142602"}],"wp:term":[{"taxonomy":"category","embeddable":true,"href":"https:\/\/linitiative.ca\/International\/wp-json\/wp\/v2\/categories?post=142602"},{"taxonomy":"post_tag","embeddable":true,"href":"https:\/\/linitiative.ca\/International\/wp-json\/wp\/v2\/tags?post=142602"}],"curies":[{"name":"wp","href":"https:\/\/api.w.org\/{rel}","templated":true}]}}