{"id":142604,"date":"2022-03-08T07:45:18","date_gmt":"2022-03-08T12:45:18","guid":{"rendered":"https:\/\/linitiative.ca\/International\/club-med-inaugure-lespace-exclusive-collection-le-riad\/"},"modified":"2022-03-08T07:45:18","modified_gmt":"2022-03-08T12:45:18","slug":"club-med-inaugure-lespace-exclusive-collection-le-riad","status":"publish","type":"post","link":"https:\/\/linitiative.ca\/International\/club-med-inaugure-lespace-exclusive-collection-le-riad\/","title":{"rendered":"Club Med inaugure l\u2019espace \u00ab\u00a0Exclusive Collection Le Riad\u00a0\u00bb"},"content":{"rendered":"<div>\n<div style=\"margin-bottom:20px;\"><img loading=\"lazy\" decoding=\"async\" width=\"750\" height=\"430\" src=\"https:\/\/linitiative.ca\/International\/wp-content\/uploads\/sites\/23\/2022\/03\/club-med.jpg\" class=\"attachment-post-thumbnail size-post-thumbnail wp-post-image\" alt=\"\" srcset=\"https:\/\/linitiative.ca\/International\/wp-content\/uploads\/sites\/23\/2022\/03\/club-med.jpg 750w, https:\/\/www.mapmarrakech.ma\/map\/uploads\/2022\/03\/club-med-300x172.jpg 300w\" sizes=\"auto, (max-width: 750px) 100vw, 750px\"><\/div>\n<p>Ces chantiers d\u2019envergure s\u2019inscrivent dans le cadre du partenariat scell\u00e9, en 2020, entre Mada\u00ebf, Branche Tourisme du Groupe CDG, et Club Med, ayant pour objectif de p\u00e9renniser le Riad Club Med\u00a0Marrakech\u00a0la Palmeraie ouvert en 2004 et d\u2019augmenter sa capacit\u00e9 d\u2019accueil \u00e0 350 chambres, tout en renfor\u00e7ant son orientation familiale afin de r\u00e9pondre aux attentes d\u2019une client\u00e8le haut de gamme et internationale.<\/p>\n<p>\u00ab\u00a0A travers ces projets, Club Med r\u00e9affirme son engagement \u00e0 \u0153uvrer avec Mada\u00ebf. Les investissements que nous avons r\u00e9alis\u00e9s ont permis d\u2019augmenter notre capacit\u00e9 d\u2019accueil et de proposer des services tr\u00e8s haut de gamme en vue de r\u00e9pondre davantage aux attentes des familles et des couples actifs\u00a0\u00bb, a soulign\u00e9 M. Henri Giscard d\u2019Estaing, Pr\u00e9sident du Club Med, dans une allocution prononc\u00e9e en marge de cette c\u00e9r\u00e9monie.<\/p>\n<p>\u00ab\u00a0Ces projets sont \u00e9galement de nouvelles d\u00e9monstrations de notre volont\u00e9 commune de d\u00e9velopper le secteur du tourisme, ses acteurs et les communaut\u00e9s qui nous accueillent, ainsi que de contribuer \u00e0 la mont\u00e9e en gamme de l\u2019offre touristique du Royaume\u00a0\u00bb, a ajout\u00e9 M. Giscard d\u2019Estaing.<\/p>\n<p>Il a fait part du souhait de toutes les parties concern\u00e9es d\u2019\u00a0\u00bballer encore plus loin et de continuer \u00e0 d\u00e9velopper les liens fraternels et \u00e9conomiques entre le Club Med et le Royaume, en contribuant \u00e0 son rayonnement touristique international, notamment gr\u00e2ce \u00e0 notre pr\u00e9sence partout dans le monde, \u00e0 travers nos agences de voyage et nos 42 sites Internet (en 18 langues)\u00a0\u00bb.<\/p>\n<p>Pour sa part, M. Mamoun Lahlimi Alami, Directeur G\u00e9n\u00e9ral de Mada\u00ebf, a indiqu\u00e9 que \u00ab\u00a0la r\u00e9novation et le lancement des travaux d\u2019extension du Club Med\u00a0Marrakech- La Palmeraie marquent la mont\u00e9e en gamme de ce village embl\u00e9matique et permettront d\u2019enrichir davantage l\u2019offre touristique \u00e0\u00a0Marrakech\u00a0\u00bb.<\/p>\n<p>\u00ab\u00a0Ces projets viennent \u00e9galement consolider notre relation historique avec notre partenaire Club Med et nous permettre, par ailleurs, de renouveler notre engagement en faveur de la relance du secteur du tourisme, mis \u00e0 mal ces deux derni\u00e8res ann\u00e9es\u00a0\u00bb, a-t-il relev\u00e9, faisant savoir qu\u2019ils \u00ab\u00a0interviennent dans un contexte particulier o\u00f9, l\u2019industrie touristique amorce un cycle prometteur de reprise et o\u00f9 nous poursuivons notre effort d\u2019investissement en vue de contribuer, avec nos partenaires et \u00e0 travers nos projets, \u00e0 repositionner l\u2019offre touristique dans les diff\u00e9rentes destinations du Royaume\u00a0\u00bb.<\/p>\n<p>La premi\u00e8re s\u00e9quence de ces travaux a \u00e9t\u00e9 la r\u00e9novation totale de 60 suites et des parties communes de l\u2019espace \u00ab\u00a0Club Med Exclusive Collection Le Riad\u00a0\u00bb. Restauration de la r\u00e9ception et des espaces lounges, remplacement du mobilier du tour de piscine et de la terrasse du restaurant, min\u00e9ralisation des jardins priv\u00e9s.<\/p>\n<p>Le projet porte d\u2019abord sur la modernisation des zones publiques du Club Med\u00a0Marrakech\u00a0la Palmeraie. Cette s\u00e9quence comprend la r\u00e9novation de l\u2019espace bien-\u00eatre rehauss\u00e9 d\u2019un hammam, de l\u2019espace Meeting &amp; Events et des espaces enfants, la modernisation de l\u2019offre de restauration avec le renouvellement des buffets, ainsi que la transformation du restaurant El K\u00e9bir. Sont aussi pr\u00e9vues des installations destin\u00e9es \u00e0 am\u00e9liorer la performance \u00e9nerg\u00e9tique du Resort et le confort thermique.<\/p>\n<p>Les travaux de r\u00e9novation sont r\u00e9alis\u00e9s en plusieurs phases, avec pour objectif une livraison compl\u00e8te en septembre 2022.<\/p>\n<p>La partie extension concerne, quant elle, la cr\u00e9ation d\u2019une nouvelle zone famille comprenant 66 chambres, dont 54 avec vue sur piscine, la construction d\u2019une piscine chauff\u00e9e avec jeux d\u2019eau, en plus de l\u2019am\u00e9nagement d\u2019un Baby Club.<\/p>\n<p>A cet ensemble, s\u2019ajoutent 22 logements pour les GO (Gentils Organisateurs), des vestiaires et un nouveau parking pour les GE (Gentils Employ\u00e9s).<\/p>\n<p>Appr\u00e9ci\u00e9 des golfeurs pour son parcours \u00ab pitch and putt \u00bb bord\u00e9 d\u2019oliviers, d\u2019orangers et de palmiers, le Resort aura de quoi offrir des s\u00e9jours in\u00e9dits \u00e0 ses clients.<\/p>\n<p>Pr\u00e9sent au Maroc depuis 1963, le Club Med, inventeur du concept de vacances \u00ab\u00a0tout compris haut de gamme et exp\u00e9rientiel\u00a0\u00bb et \u00e0 l\u2019expertise \u00e9prouv\u00e9e, est au premier plan dans le Tourisme mondial depuis sa cr\u00e9ation en 1950.<\/p>\n<p>Soulignons que deux autres grands projets sont annonc\u00e9s, en l\u2019occurrence la mise \u00e0 niveau du Resort Yasmina, ouvert en 1970 dans le nord du pays et la construction du Club Med Essaouira-Mogador, autres symboles de l\u2019attachement de la Marque au Trident, au Maroc et de sa contribution \u00e0 son d\u00e9veloppement.<\/p>\n<p>Apr\u00e8s une importante r\u00e9novation en 2011, d\u2019autres travaux seront entrepris pour permettre au Resort Yasmina de mieux r\u00e9pondre aux attentes de la client\u00e8le, d\u2019accro\u00eetre son attractivit\u00e9 et de rallonger sa dur\u00e9e d\u2019ouverture. Ce projet est inclus dans l\u2019accord conclu entre le Club Med et Mada\u00ebf.<\/p>\n<p>A Essaouira, le Club Med est en train de d\u00e9velopper un nouveau Resort premium. Avec ses 350 chambres et accessible toute l\u2019ann\u00e9e, cet Eco-Resort pour les familles et les couples actifs, rehauss\u00e9 d\u2019un espace Club Med Exclusive Collection, sera enti\u00e8rement int\u00e9gr\u00e9 dans son environnement.<\/p>\n<p>Le Club Med Essaouira- Mogador dont l\u2019ouverture est pr\u00e9vue pour 2024, offrira une exp\u00e9rience de tourisme de qualit\u00e9 m\u00ealant un patrimoine naturel, historique et culturel d\u2019exception, des loisirs pour les familles et un large \u00e9ventail de sports aquatiques.<\/p>\n<p>The post <a rel=\"nofollow\" href=\"https:\/\/www.mapmarrakech.ma\/fr\/club-med-inaugure-lespace-exclusive-collection-le-riad\/\">Club Med inaugure l\u2019espace \u00ab\u00a0Exclusive Collection Le Riad\u00a0\u00bb<\/a> appeared first on <a rel=\"nofollow\" href=\"https:\/\/www.mapmarrakech.ma\/fr\">MapMarrakech<\/a>.<\/p>\n<\/div>\n<p>Auteur: Mohammed KOURSI<br \/>\n<a href=\"https:\/\/www.mapmarrakech.ma\/fr\/club-med-inaugure-lespace-exclusive-collection-le-riad\/\">Cliquez ici pour lire l&rsquo;article depuis sa source.<\/a><\/p>\n","protected":false},"excerpt":{"rendered":"<p>Ces chantiers d\u2019envergure s\u2019inscrivent dans le cadre du partenariat scell\u00e9, en 2020, entre Mada\u00ebf, Branche Tourisme du Groupe CDG, et Club Med, ayant pour objectif de p\u00e9renniser le Riad Club Med\u00a0Marrakech\u00a0la Palmeraie ouvert en 2004 et d\u2019augmenter sa capacit\u00e9 d\u2019accueil \u00e0 350 chambres, tout en renfor\u00e7ant son orientation familiale afin de r\u00e9pondre aux attentes d\u2019une [&hellip;]<\/p>\n","protected":false},"author":1788,"featured_media":0,"comment_status":"closed","ping_status":"closed","sticky":false,"template":"","format":"standard","meta":{"fifu_image_url":"https:\/\/www.mapmarrakech.ma\/map\/uploads\/2022\/03\/club-med.jpg","fifu_image_alt":"Club Med inaugure l\u2019espace \u00ab\u00a0Exclusive Collection Le Riad\u00a0\u00bb","footnotes":""},"categories":[54,76],"tags":[],"class_list":["post-142604","post","type-post","status-publish","format-standard","hentry","category-maroc","category-regions"],"_links":{"self":[{"href":"https:\/\/linitiative.ca\/International\/wp-json\/wp\/v2\/posts\/142604","targetHints":{"allow":["GET"]}}],"collection":[{"href":"https:\/\/linitiative.ca\/International\/wp-json\/wp\/v2\/posts"}],"about":[{"href":"https:\/\/linitiative.ca\/International\/wp-json\/wp\/v2\/types\/post"}],"author":[{"embeddable":true,"href":"https:\/\/linitiative.ca\/International\/wp-json\/wp\/v2\/users\/1788"}],"replies":[{"embeddable":true,"href":"https:\/\/linitiative.ca\/International\/wp-json\/wp\/v2\/comments?post=142604"}],"version-history":[{"count":0,"href":"https:\/\/linitiative.ca\/International\/wp-json\/wp\/v2\/posts\/142604\/revisions"}],"wp:attachment":[{"href":"https:\/\/linitiative.ca\/International\/wp-json\/wp\/v2\/media?parent=142604"}],"wp:term":[{"taxonomy":"category","embeddable":true,"href":"https:\/\/linitiative.ca\/International\/wp-json\/wp\/v2\/categories?post=142604"},{"taxonomy":"post_tag","embeddable":true,"href":"https:\/\/linitiative.ca\/International\/wp-json\/wp\/v2\/tags?post=142604"}],"curies":[{"name":"wp","href":"https:\/\/api.w.org\/{rel}","templated":true}]}}