{"id":142606,"date":"2022-03-08T11:53:52","date_gmt":"2022-03-08T16:53:52","guid":{"rendered":"https:\/\/linitiative.ca\/International\/le-conseil-de-la-region-tient-sa-session-ordinaire-de-mars\/"},"modified":"2022-03-08T11:53:52","modified_gmt":"2022-03-08T16:53:52","slug":"le-conseil-de-la-region-tient-sa-session-ordinaire-de-mars","status":"publish","type":"post","link":"https:\/\/linitiative.ca\/International\/le-conseil-de-la-region-tient-sa-session-ordinaire-de-mars\/","title":{"rendered":"Le Conseil de la r\u00e9gion tient sa session ordinaire de mars"},"content":{"rendered":"<div>\n<div style=\"margin-bottom:20px;\"><img loading=\"lazy\" decoding=\"async\" width=\"750\" height=\"430\" src=\"https:\/\/linitiative.ca\/International\/wp-content\/uploads\/sites\/23\/2022\/03\/conseil-rC3A9gion-mars.jpg\" class=\"attachment-post-thumbnail size-post-thumbnail wp-post-image\" alt=\"\" srcset=\"https:\/\/linitiative.ca\/International\/wp-content\/uploads\/sites\/23\/2022\/03\/conseil-rC3A9gion-mars.jpg 750w, https:\/\/www.mapmarrakech.ma\/map\/uploads\/2022\/03\/conseil-r\u00e9gion-mars-300x172.jpg 300w\" sizes=\"auto, (max-width: 750px) 100vw, 750px\"><\/div>\n<p>Plac\u00e9e sous le signe \u00ab\u00a0Session de l\u2019Eau\u00a0\u00bb, cette r\u00e9union de travail a \u00e9t\u00e9 rehauss\u00e9e par la pr\u00e9sence notamment, du wali de la r\u00e9gion\u00a0Marrakech- Safi, gouverneur de la pr\u00e9fecture de\u00a0Marrakech, M. Karim Kassi-Lahlou, des gouverneurs des diff\u00e9rentes provinces relevant de la r\u00e9gion, du pr\u00e9sident de cette instance \u00e9lue, M. Samir Koudar ainsi que d\u2019autres personnalit\u00e9s.<\/p>\n<p>Lors de cette session, le secteur de l\u2019eau et la situation hydrique dans la r\u00e9gion ont b\u00e9n\u00e9fici\u00e9 de la part du lion lors des discussions, occasion \u00e9galement pour l\u2019assistance de suivre un expos\u00e9 exhaustif pr\u00e9sent\u00e9 par l\u2019Agence du Bassin Hydraulique du Tensift (ABHT) sur la situation hydrique au niveau r\u00e9gional, avec un focus sur une panoplie de mesures d\u2019urgence mises en oeuvre pour garantir l\u2019approvisionnement en eau potable.<\/p>\n<p>En outre, l\u2019accent a \u00e9t\u00e9 mis sur le bilan des r\u00e9alisations accomplies dans le domaine hydrique, \u00e0 travers le diff\u00e9rents barrages que compte la r\u00e9gion, dont 9 grands barrages, et 33 petits barrages, outre la programmation de 3 autres.<\/p>\n<p>De m\u00eame, Il a \u00e9t\u00e9 proc\u00e9d\u00e9 \u00e0 la pr\u00e9sentation du plan d\u2019action de la R\u00e9gie Autonome de Distribution d\u2019Eau et d\u2019Electricit\u00e9 de\u00a0Marrakech\u00a0(RADEEMA) visant \u00e0 am\u00e9liorer et renforcer l\u2019infrastructure d\u00e9di\u00e9e au r\u00e9seau de distribution de l\u2019eau potable, et \u00e0 promouvoir la r\u00e9utilisation des eaux us\u00e9es trait\u00e9es pour l\u2019irrigation des espaces verts notamment, les parcours golfiques, afin de prot\u00e9ger les nappes phr\u00e9atiques et les eaux de surface.<\/p>\n<p>Intervenant \u00e0 cette occasion, le wali de la r\u00e9gion\u00a0Marrakech- Safi a lou\u00e9 l\u2019importance de la convention de partenariat visant le financement du programme d\u2019urgence du secteur de l\u2019eau au niveau de la r\u00e9gion, notant qu\u2019il s\u2019agit de la premi\u00e8re convention \u00e0 l\u2019\u00e9chelle nationale, destin\u00e9e \u00e0 faire face \u00e0 la rar\u00e9faction des ressources hydriques dans cette partie du territoire national.<\/p>\n<p>Tout en d\u00e9plorant le fait que le d\u00e9ficit hydrique enregistr\u00e9 cette ann\u00e9e et qui a atteint quelque 163 m3 est \u00e9quivaut \u00e0 un d\u00e9ficit de 4 ans, il n\u2019a pas manqu\u00e9 de plaider en faveur de la n\u00e9cessit\u00e9 d\u2019\u00e9viter le gaspillage de cette denr\u00e9e vitale et donc, de multiplier les campagnes de sensibilisation et de conscientisation afin d\u2019inciter la population \u00e0 une utilisation rationnelle de l\u2019eau.<\/p>\n<p>M. Kassi- Lahlou a insist\u00e9 aussi sur l\u2019imp\u00e9ratif de veiller \u00e0 assurer le suivi du travail du comit\u00e9 de vigilance et \u00e0 g\u00e9n\u00e9raliser son r\u00f4le \u00e0 l\u2019ensemble des institutions \u00e0 la faveur d\u2019une \u00e9valuation efficiente de la gestion des ressources hydriques et d\u2019\u00e9viter l\u2019utilisation excessive de cette denr\u00e9e vitale.<\/p>\n<p>Apr\u00e8s discussions, il a \u00e9t\u00e9 ainsi, proc\u00e9d\u00e9 \u00e0 l\u2019adoption du projet d\u2019une convention de partenariat pour le financement du programme d\u2019urgence structurant du secteur de l\u2019eau au niveau de la r\u00e9gion, et qui vise \u00e0 garantir l\u2019approvisionnement en eau potable de certains villes et centres et ce, en raison de la situation hydrique critique au niveau du Bassin Hydraulique du Tensift, via la mise en application de mesures urgentes, pour un co\u00fbt \u00e9valu\u00e9 \u00e0 522 millions de DH.<\/p>\n<p>Lors de cette session, il a \u00e9t\u00e9 proc\u00e9d\u00e9 \u00e9galement \u00e0 l\u2019adoption d\u2019un nombre de conventions, dont le projet de la convention-cadre portant sur la construction d\u2019un Centre r\u00e9gional f\u00e9d\u00e9ral pour la formation en football \u00e0 Bengu\u00e9rir (province de Rehamna), d\u2019un montant total de 120 millions de DH, du projet d\u2019amendement li\u00e9 \u00e0 la convention de partenariat et de coop\u00e9ration en vue de la cr\u00e9ation d\u2019un noyau universitaire \u00e0 El Kela\u00e2 des Sraghna (41 millions de DH), ainsi que d\u2019une convention portant sur la r\u00e9alisation d\u2019une Salle couverte omnisports \u00e0 Sidi El Mokhtar (province de Chichaoua), d\u2019un co\u00fbt total de 8.220.000 DH.<\/p>\n<p>Dans une d\u00e9claration \u00e0 M24, chaine t\u00e9l\u00e9vis\u00e9e de l\u2019information en continu de la MAP, le pr\u00e9sident du Conseil de la r\u00e9gion\u00a0Marrakech- Safi, M. Samir Koudar, a rappel\u00e9 que cette session malgr\u00e9 un ordre du jour diversifi\u00e9, a \u00e9t\u00e9 amplement consacr\u00e9e au secteur de l\u2019eau, et ce en raison de la situation hydrique inqui\u00e9tante \u00e0 l\u2019\u00e9chelon r\u00e9gional.<\/p>\n<p>Et de poursuivre qu\u2019il a \u00e9t\u00e9 proc\u00e9d\u00e9 dans ce cadre \u00e0 l\u2019adoption d\u2019une convention de partenariat conclue avec les minist\u00e8res de l\u2019int\u00e9rieur et de l\u2019\u00e9quipement et de l\u2019eau portant sur le programme d\u2019urgence structurant du secteur de l\u2019eau dans la r\u00e9gion, d\u2019une enveloppe budg\u00e9taire de 522 millions de DH, notant que cette convention se propose d\u2019atteindre l\u2019efficience en mati\u00e8re de gestion des ressources hydriques.<\/p>\n<p>M. Koudar a, en guise de conclusion, soulign\u00e9 que l\u2019ensemble des conventions adopt\u00e9es portent sur le d\u00e9veloppement dans les diff\u00e9rentes provinces de la r\u00e9gion, outre la programmation de l\u2019exc\u00e9dent du budget pour le d\u00e9senclavement via les route ou encore pour l\u2019am\u00e9lioration des services li\u00e9s \u00e0 l\u2019eau potable, notamment \u00e0 la lumi\u00e8re de la situation hydrique difficile dans la r\u00e9gion.<\/p>\n<p>The post <a rel=\"nofollow\" href=\"https:\/\/www.mapmarrakech.ma\/fr\/le-conseil-de-la-region-tient-sa-session-ordinaire-de-mars\/\">Le Conseil de la r\u00e9gion tient sa session ordinaire de mars<\/a> appeared first on <a rel=\"nofollow\" href=\"https:\/\/www.mapmarrakech.ma\/fr\">MapMarrakech<\/a>.<\/p>\n<\/div>\n<p>Auteur: Mohammed KOURSI<br \/>\n<a href=\"https:\/\/www.mapmarrakech.ma\/fr\/le-conseil-de-la-region-tient-sa-session-ordinaire-de-mars\/\">Cliquez ici pour lire l&rsquo;article depuis sa source.<\/a><\/p>\n","protected":false},"excerpt":{"rendered":"<p>Plac\u00e9e sous le signe \u00ab\u00a0Session de l\u2019Eau\u00a0\u00bb, cette r\u00e9union de travail a \u00e9t\u00e9 rehauss\u00e9e par la pr\u00e9sence notamment, du wali de la r\u00e9gion\u00a0Marrakech- Safi, gouverneur de la pr\u00e9fecture de\u00a0Marrakech, M. Karim Kassi-Lahlou, des gouverneurs des diff\u00e9rentes provinces relevant de la r\u00e9gion, du pr\u00e9sident de cette instance \u00e9lue, M. Samir Koudar ainsi que d\u2019autres personnalit\u00e9s. Lors [&hellip;]<\/p>\n","protected":false},"author":1788,"featured_media":0,"comment_status":"closed","ping_status":"closed","sticky":false,"template":"","format":"standard","meta":{"fifu_image_url":"https:\/\/www.mapmarrakech.ma\/map\/uploads\/2022\/03\/conseil-r\u00e9gion-mars.jpg","fifu_image_alt":"Le Conseil de la r\u00e9gion tient sa session ordinaire de mars","footnotes":""},"categories":[54,76],"tags":[],"class_list":["post-142606","post","type-post","status-publish","format-standard","hentry","category-maroc","category-regions"],"_links":{"self":[{"href":"https:\/\/linitiative.ca\/International\/wp-json\/wp\/v2\/posts\/142606","targetHints":{"allow":["GET"]}}],"collection":[{"href":"https:\/\/linitiative.ca\/International\/wp-json\/wp\/v2\/posts"}],"about":[{"href":"https:\/\/linitiative.ca\/International\/wp-json\/wp\/v2\/types\/post"}],"author":[{"embeddable":true,"href":"https:\/\/linitiative.ca\/International\/wp-json\/wp\/v2\/users\/1788"}],"replies":[{"embeddable":true,"href":"https:\/\/linitiative.ca\/International\/wp-json\/wp\/v2\/comments?post=142606"}],"version-history":[{"count":0,"href":"https:\/\/linitiative.ca\/International\/wp-json\/wp\/v2\/posts\/142606\/revisions"}],"wp:attachment":[{"href":"https:\/\/linitiative.ca\/International\/wp-json\/wp\/v2\/media?parent=142606"}],"wp:term":[{"taxonomy":"category","embeddable":true,"href":"https:\/\/linitiative.ca\/International\/wp-json\/wp\/v2\/categories?post=142606"},{"taxonomy":"post_tag","embeddable":true,"href":"https:\/\/linitiative.ca\/International\/wp-json\/wp\/v2\/tags?post=142606"}],"curies":[{"name":"wp","href":"https:\/\/api.w.org\/{rel}","templated":true}]}}