{"id":142612,"date":"2022-03-08T13:59:37","date_gmt":"2022-03-08T18:59:37","guid":{"rendered":"https:\/\/linitiative.ca\/International\/pres-de-2-200-marocains-dukraine-regagnent-la-mere-patrie-depuis-le-2-mars\/"},"modified":"2022-03-08T13:59:37","modified_gmt":"2022-03-08T18:59:37","slug":"pres-de-2-200-marocains-dukraine-regagnent-la-mere-patrie-depuis-le-2-mars","status":"publish","type":"post","link":"https:\/\/linitiative.ca\/International\/pres-de-2-200-marocains-dukraine-regagnent-la-mere-patrie-depuis-le-2-mars\/","title":{"rendered":"Pr\u00e8s de 2.200 Marocains d\u2019Ukraine regagnent la m\u00e8re patrie depuis le 2 mars"},"content":{"rendered":"<div>\n<div style=\"margin-bottom:20px;\"><img loading=\"lazy\" decoding=\"async\" width=\"750\" height=\"430\" src=\"https:\/\/linitiative.ca\/International\/wp-content\/uploads\/sites\/23\/2022\/03\/avion-C3A9tudiants-marocains-Ukraine-750C397430-MAP.jpg\" class=\"attachment-post-thumbnail size-post-thumbnail wp-post-image\" alt=\"\" srcset=\"https:\/\/linitiative.ca\/International\/wp-content\/uploads\/sites\/23\/2022\/03\/avion-C3A9tudiants-marocains-Ukraine-750C397430-MAP.jpg 750w, https:\/\/www.mapoujda.ma\/map\/uploads\/2022\/03\/avion-\u00e9tudiants-marocains-Ukraine-750\u00d7430-MAP-300x172.jpg 300w\" sizes=\"auto, (max-width: 750px) 100vw, 750px\"><\/div>\n<p>Pr\u00e8s de 2.200 Marocains d\u2019Ukraine ont regagn\u00e9 la m\u00e8re patrie depuis le 2 mars, \u00e0 bord de vols sp\u00e9ciaux op\u00e9r\u00e9s par la Royal Air Maroc (RAM), apprend-on aupr\u00e8s du transporteur national.<\/p>\n<p>Du 2 au 8 mars, la RAM a assur\u00e9, dans ce cadre, 15 vols sp\u00e9ciaux op\u00e9r\u00e9s par des avions de type B737 et B787 Dreamliner, au d\u00e9part de quatre pays: la Roumanie, la Hongrie, la Pologne et la Slovaquie, souligne-t-on de m\u00eame source.<\/p>\n<p>Ces vols, assur\u00e9s au prix fixe de 750 dirhams le billet, s\u2019inscrivent dans le cadre de l\u2019op\u00e9ration des vols sp\u00e9ciaux en faveur de la communaut\u00e9 marocaine \u00e9tablie en d\u2019Ukraine lanc\u00e9e par la RAM en concertation avec les autorit\u00e9s marocaines.<\/p>\n<p>L\u2019article <a rel=\"nofollow\" href=\"https:\/\/www.mapoujda.ma\/fr\/pres-de-2-200-marocains-dukraine-regagnent-la-mere-patrie-depuis-le-2-mars\/\">Pr\u00e8s de 2.200 Marocains d\u2019Ukraine regagnent la m\u00e8re patrie depuis le 2 mars<\/a> est apparu en premier sur <a rel=\"nofollow\" href=\"https:\/\/www.mapoujda.ma\/fr\">MapOujda<\/a>.<\/p>\n<\/div>\n<p>Auteur: Soufiane ELAHMAR<br \/>\n<a href=\"https:\/\/www.mapoujda.ma\/fr\/pres-de-2-200-marocains-dukraine-regagnent-la-mere-patrie-depuis-le-2-mars\/\">Cliquez ici pour lire l&rsquo;article depuis sa source.<\/a><\/p>\n","protected":false},"excerpt":{"rendered":"<p>Pr\u00e8s de 2.200 Marocains d\u2019Ukraine ont regagn\u00e9 la m\u00e8re patrie depuis le 2 mars, \u00e0 bord de vols sp\u00e9ciaux op\u00e9r\u00e9s par la Royal Air Maroc (RAM), apprend-on aupr\u00e8s du transporteur national. Du 2 au 8 mars, la RAM a assur\u00e9, dans ce cadre, 15 vols sp\u00e9ciaux op\u00e9r\u00e9s par des avions de type B737 et B787 [&hellip;]<\/p>\n","protected":false},"author":1788,"featured_media":0,"comment_status":"closed","ping_status":"closed","sticky":false,"template":"","format":"standard","meta":{"fifu_image_url":"https:\/\/www.mapoujda.ma\/map\/uploads\/2022\/03\/avion-\u00e9tudiants-marocains-Ukraine-750\u00d7430-MAP.jpg","fifu_image_alt":"Pr\u00e8s de 2.200 Marocains d\u2019Ukraine regagnent la m\u00e8re patrie depuis le 2 mars","footnotes":""},"categories":[54,76],"tags":[],"class_list":["post-142612","post","type-post","status-publish","format-standard","hentry","category-maroc","category-regions"],"_links":{"self":[{"href":"https:\/\/linitiative.ca\/International\/wp-json\/wp\/v2\/posts\/142612","targetHints":{"allow":["GET"]}}],"collection":[{"href":"https:\/\/linitiative.ca\/International\/wp-json\/wp\/v2\/posts"}],"about":[{"href":"https:\/\/linitiative.ca\/International\/wp-json\/wp\/v2\/types\/post"}],"author":[{"embeddable":true,"href":"https:\/\/linitiative.ca\/International\/wp-json\/wp\/v2\/users\/1788"}],"replies":[{"embeddable":true,"href":"https:\/\/linitiative.ca\/International\/wp-json\/wp\/v2\/comments?post=142612"}],"version-history":[{"count":0,"href":"https:\/\/linitiative.ca\/International\/wp-json\/wp\/v2\/posts\/142612\/revisions"}],"wp:attachment":[{"href":"https:\/\/linitiative.ca\/International\/wp-json\/wp\/v2\/media?parent=142612"}],"wp:term":[{"taxonomy":"category","embeddable":true,"href":"https:\/\/linitiative.ca\/International\/wp-json\/wp\/v2\/categories?post=142612"},{"taxonomy":"post_tag","embeddable":true,"href":"https:\/\/linitiative.ca\/International\/wp-json\/wp\/v2\/tags?post=142612"}],"curies":[{"name":"wp","href":"https:\/\/api.w.org\/{rel}","templated":true}]}}