{"id":142615,"date":"2022-03-08T09:21:05","date_gmt":"2022-03-08T14:21:05","guid":{"rendered":"https:\/\/linitiative.ca\/International\/cooperation-securitaire-washington-salue-le-role-du-maroc\/"},"modified":"2022-03-08T09:21:05","modified_gmt":"2022-03-08T14:21:05","slug":"cooperation-securitaire-washington-salue-le-role-du-maroc","status":"publish","type":"post","link":"https:\/\/linitiative.ca\/International\/cooperation-securitaire-washington-salue-le-role-du-maroc\/","title":{"rendered":"Coop\u00e9ration s\u00e9curitaire: Washington salue le r\u00f4le du Maroc"},"content":{"rendered":"<div>\n<div class=\"field field-name-body field-type-text-with-summary field-label-hidden\">\n<div class=\"field-items\">\n<div class=\"field-item even\" property=\"content:encoded\">\n<p class=\"rtejustify\">Le r\u00f4le r\u00e9gional du Maroc dans le domaine de la coop\u00e9ration s\u00e9curitaire a \u00e9t\u00e9 salu\u00e9 par Washington. La sous-secr\u00e9taire d\u2019Etat am\u00e9ricaine, Wendy Sherman, en visite dans le Royaume, s&rsquo;est r\u00e9joui, mardi \u00e0 Rabat, du r\u00f4le r\u00e9gional du Royaume dans ce domaine, apr\u00e8s des consultations politiques avec le ministre des Affaires \u00e9trang\u00e8res, de la Coop\u00e9ration africaine et des Marocains r\u00e9sidant \u00e0 l&rsquo;\u00e9tranger, Nasser Bourita.<\/p>\n<\/div>\n<\/div>\n<\/div>\n<\/div>\n<p>Auteur: hgueye<br \/>\n<a href=\"https:\/\/www.leconomiste.com\/flash-infos\/cooperation-securitaire-washington-salue-le-role-du-maroc\">Cliquez ici pour lire l&rsquo;article depuis sa source.<\/a><\/p>\n","protected":false},"excerpt":{"rendered":"<p>Le r\u00f4le r\u00e9gional du Maroc dans le domaine de la coop\u00e9ration s\u00e9curitaire a \u00e9t\u00e9 salu\u00e9 par Washington. La sous-secr\u00e9taire d\u2019Etat am\u00e9ricaine, Wendy Sherman, en visite dans le Royaume, s&rsquo;est r\u00e9joui, mardi \u00e0 Rabat, du r\u00f4le r\u00e9gional du Royaume dans ce domaine, apr\u00e8s des consultations politiques avec le ministre des Affaires \u00e9trang\u00e8res, de la Coop\u00e9ration africaine [&hellip;]<\/p>\n","protected":false},"author":1763,"featured_media":0,"comment_status":"closed","ping_status":"closed","sticky":false,"template":"","format":"standard","meta":{"fifu_image_url":"","fifu_image_alt":"","footnotes":""},"categories":[78,54],"tags":[],"class_list":["post-142615","post","type-post","status-publish","format-standard","hentry","category-economie","category-maroc"],"_links":{"self":[{"href":"https:\/\/linitiative.ca\/International\/wp-json\/wp\/v2\/posts\/142615","targetHints":{"allow":["GET"]}}],"collection":[{"href":"https:\/\/linitiative.ca\/International\/wp-json\/wp\/v2\/posts"}],"about":[{"href":"https:\/\/linitiative.ca\/International\/wp-json\/wp\/v2\/types\/post"}],"author":[{"embeddable":true,"href":"https:\/\/linitiative.ca\/International\/wp-json\/wp\/v2\/users\/1763"}],"replies":[{"embeddable":true,"href":"https:\/\/linitiative.ca\/International\/wp-json\/wp\/v2\/comments?post=142615"}],"version-history":[{"count":0,"href":"https:\/\/linitiative.ca\/International\/wp-json\/wp\/v2\/posts\/142615\/revisions"}],"wp:attachment":[{"href":"https:\/\/linitiative.ca\/International\/wp-json\/wp\/v2\/media?parent=142615"}],"wp:term":[{"taxonomy":"category","embeddable":true,"href":"https:\/\/linitiative.ca\/International\/wp-json\/wp\/v2\/categories?post=142615"},{"taxonomy":"post_tag","embeddable":true,"href":"https:\/\/linitiative.ca\/International\/wp-json\/wp\/v2\/tags?post=142615"}],"curies":[{"name":"wp","href":"https:\/\/api.w.org\/{rel}","templated":true}]}}