{"id":142616,"date":"2022-03-08T09:27:58","date_gmt":"2022-03-08T14:27:58","guid":{"rendered":"https:\/\/linitiative.ca\/International\/greve-des-transporteurs-linterieur-rassure-et-met-en-garde\/"},"modified":"2022-03-08T09:27:58","modified_gmt":"2022-03-08T14:27:58","slug":"greve-des-transporteurs-linterieur-rassure-et-met-en-garde","status":"publish","type":"post","link":"https:\/\/linitiative.ca\/International\/greve-des-transporteurs-linterieur-rassure-et-met-en-garde\/","title":{"rendered":"Gr\u00e8ve des transporteurs: l&rsquo;Int\u00e9rieur rassure et met en garde"},"content":{"rendered":"<div>\n<div class=\"field field-name-body field-type-text-with-summary field-label-hidden\">\n<div class=\"field-items\">\n<div class=\"field-item even\" property=\"content:encoded\">\n<p class=\"rtejustify\">Le minist\u00e8re de l&rsquo;Int\u00e9rieur veut rassurer suite aux trois jours de gr\u00e8ve d\u00e9cr\u00e9t\u00e9s par le secteur du transport depuis le lundi 7 mars. \u00ab\u00a0Toutes les mesures sont prises pour garantir la mobilit\u00e9 des individus et le transport des marchandises\u00a0\u00bb, indique le d\u00e9partement, tout en assurant qu&rsquo;il veille \u00e0 \u00ab\u00a0traiter, avec fermet\u00e9 et rigueur, toute tentative de porter atteinte \u00e0 la s\u00e9curit\u00e9 et \u00e0 l&rsquo;ordre publics, aux droits des non-gr\u00e9vistes et au fonctionnement de ce service\u00a0\u00bb.\u00a0<\/p>\n<\/div>\n<\/div>\n<\/div>\n<\/div>\n<p>Auteur: hgueye<br \/>\n<a href=\"https:\/\/www.leconomiste.com\/flash-infos\/greve-des-transporteurs-l-interieur-rassure-et-met-en-garde\">Cliquez ici pour lire l&rsquo;article depuis sa source.<\/a><\/p>\n","protected":false},"excerpt":{"rendered":"<p>Le minist\u00e8re de l&rsquo;Int\u00e9rieur veut rassurer suite aux trois jours de gr\u00e8ve d\u00e9cr\u00e9t\u00e9s par le secteur du transport depuis le lundi 7 mars. \u00ab\u00a0Toutes les mesures sont prises pour garantir la mobilit\u00e9 des individus et le transport des marchandises\u00a0\u00bb, indique le d\u00e9partement, tout en assurant qu&rsquo;il veille \u00e0 \u00ab\u00a0traiter, avec fermet\u00e9 et rigueur, toute tentative [&hellip;]<\/p>\n","protected":false},"author":1763,"featured_media":0,"comment_status":"closed","ping_status":"closed","sticky":false,"template":"","format":"standard","meta":{"fifu_image_url":"","fifu_image_alt":"","footnotes":""},"categories":[78,54],"tags":[],"class_list":["post-142616","post","type-post","status-publish","format-standard","hentry","category-economie","category-maroc"],"_links":{"self":[{"href":"https:\/\/linitiative.ca\/International\/wp-json\/wp\/v2\/posts\/142616","targetHints":{"allow":["GET"]}}],"collection":[{"href":"https:\/\/linitiative.ca\/International\/wp-json\/wp\/v2\/posts"}],"about":[{"href":"https:\/\/linitiative.ca\/International\/wp-json\/wp\/v2\/types\/post"}],"author":[{"embeddable":true,"href":"https:\/\/linitiative.ca\/International\/wp-json\/wp\/v2\/users\/1763"}],"replies":[{"embeddable":true,"href":"https:\/\/linitiative.ca\/International\/wp-json\/wp\/v2\/comments?post=142616"}],"version-history":[{"count":0,"href":"https:\/\/linitiative.ca\/International\/wp-json\/wp\/v2\/posts\/142616\/revisions"}],"wp:attachment":[{"href":"https:\/\/linitiative.ca\/International\/wp-json\/wp\/v2\/media?parent=142616"}],"wp:term":[{"taxonomy":"category","embeddable":true,"href":"https:\/\/linitiative.ca\/International\/wp-json\/wp\/v2\/categories?post=142616"},{"taxonomy":"post_tag","embeddable":true,"href":"https:\/\/linitiative.ca\/International\/wp-json\/wp\/v2\/tags?post=142616"}],"curies":[{"name":"wp","href":"https:\/\/api.w.org\/{rel}","templated":true}]}}