{"id":142617,"date":"2022-03-08T09:42:14","date_gmt":"2022-03-08T14:42:14","guid":{"rendered":"https:\/\/linitiative.ca\/International\/le-cese-renouvelle-ses-instances\/"},"modified":"2022-03-08T09:42:14","modified_gmt":"2022-03-08T14:42:14","slug":"le-cese-renouvelle-ses-instances","status":"publish","type":"post","link":"https:\/\/linitiative.ca\/International\/le-cese-renouvelle-ses-instances\/","title":{"rendered":"Le CESE renouvelle ses instances"},"content":{"rendered":"<div>\n<div class=\"field field-name-body field-type-text-with-summary field-label-hidden\">\n<div class=\"field-items\">\n<div class=\"field-item even\" property=\"content:encoded\">\n<p class=\"rtejustify\">Le Conseil \u00e9conomique, social et environnemental (CESE) a renouvel\u00e9 r\u00e9cemment ses instances, conform\u00e9ment aux dispositions de sa loi organique et de son r\u00e8glement int\u00e9rieur. Lors de la 131e Session Ordinaire de l&rsquo;Assembl\u00e9e G\u00e9n\u00e9rale du CESE tenue le 24 f\u00e9vrier dernier, elle a \u00e9lu les repr\u00e9sentants des cinq cat\u00e9gories qui composent le Conseil, et \u00e9lu,\u00a0le 7 mars, les pr\u00e9sidents et les rapporteurs des sept commissions permanentes.<\/p>\n<\/div>\n<\/div>\n<\/div>\n<\/div>\n<p>Auteur: hgueye<br \/>\n<a href=\"https:\/\/www.leconomiste.com\/flash-infos\/le-cese-renouvelle-ses-instances-3\">Cliquez ici pour lire l&rsquo;article depuis sa source.<\/a><\/p>\n","protected":false},"excerpt":{"rendered":"<p>Le Conseil \u00e9conomique, social et environnemental (CESE) a renouvel\u00e9 r\u00e9cemment ses instances, conform\u00e9ment aux dispositions de sa loi organique et de son r\u00e8glement int\u00e9rieur. Lors de la 131e Session Ordinaire de l&rsquo;Assembl\u00e9e G\u00e9n\u00e9rale du CESE tenue le 24 f\u00e9vrier dernier, elle a \u00e9lu les repr\u00e9sentants des cinq cat\u00e9gories qui composent le Conseil, et \u00e9lu,\u00a0le 7 [&hellip;]<\/p>\n","protected":false},"author":1763,"featured_media":0,"comment_status":"closed","ping_status":"closed","sticky":false,"template":"","format":"standard","meta":{"fifu_image_url":"","fifu_image_alt":"","footnotes":""},"categories":[78,54],"tags":[],"class_list":["post-142617","post","type-post","status-publish","format-standard","hentry","category-economie","category-maroc"],"_links":{"self":[{"href":"https:\/\/linitiative.ca\/International\/wp-json\/wp\/v2\/posts\/142617","targetHints":{"allow":["GET"]}}],"collection":[{"href":"https:\/\/linitiative.ca\/International\/wp-json\/wp\/v2\/posts"}],"about":[{"href":"https:\/\/linitiative.ca\/International\/wp-json\/wp\/v2\/types\/post"}],"author":[{"embeddable":true,"href":"https:\/\/linitiative.ca\/International\/wp-json\/wp\/v2\/users\/1763"}],"replies":[{"embeddable":true,"href":"https:\/\/linitiative.ca\/International\/wp-json\/wp\/v2\/comments?post=142617"}],"version-history":[{"count":0,"href":"https:\/\/linitiative.ca\/International\/wp-json\/wp\/v2\/posts\/142617\/revisions"}],"wp:attachment":[{"href":"https:\/\/linitiative.ca\/International\/wp-json\/wp\/v2\/media?parent=142617"}],"wp:term":[{"taxonomy":"category","embeddable":true,"href":"https:\/\/linitiative.ca\/International\/wp-json\/wp\/v2\/categories?post=142617"},{"taxonomy":"post_tag","embeddable":true,"href":"https:\/\/linitiative.ca\/International\/wp-json\/wp\/v2\/tags?post=142617"}],"curies":[{"name":"wp","href":"https:\/\/api.w.org\/{rel}","templated":true}]}}