{"id":142625,"date":"2022-03-08T09:52:00","date_gmt":"2022-03-08T14:52:00","guid":{"rendered":"https:\/\/linitiative.ca\/International\/terence-a-todman-et-le-debut-de-la-desegregation-du-departement-detat-americain\/"},"modified":"2022-03-08T09:52:00","modified_gmt":"2022-03-08T14:52:00","slug":"terence-a-todman-et-le-debut-de-la-desegregation-du-departement-detat-americain","status":"publish","type":"post","link":"https:\/\/linitiative.ca\/International\/terence-a-todman-et-le-debut-de-la-desegregation-du-departement-detat-americain\/","title":{"rendered":"Terence A. Todman et le d\u00e9but de la d\u00e9s\u00e9gr\u00e9gation du d\u00e9partement d\u2019Etat am\u00e9ricain"},"content":{"rendered":"<div><img decoding=\"async\" src=\"https:\/\/linitiative.ca\/International\/wp-content\/uploads\/sites\/23\/2022\/03\/1646734405_article.jpg\" alt=\"Terence A. Todman et le d\u00e9but de la d\u00e9s\u00e9gr\u00e9gation du d\u00e9partement d\u2019Etat am\u00e9ricain\" align=\"left\">Par Mohsen Redissi &#8211; Le gouvernement f\u00e9d\u00e9ral honore les Afro-am\u00e9ricains en deux occasions en reconnaissance de leurs apports\u00a0 socioculturels \u00e0 l\u2019Am\u00e9rique. F\u00e9vrier est consacr\u00e9 au Mois de l&rsquo;histoire des Noirs, Black History Month, instaur\u00e9 en 1976 par le pr\u00e9sident Gerald Ford en hommage \u00e0 Abraham Lincoln et Frederick Douglass, ap\u00f4tres de l&rsquo;\u00e9mancipation des esclaves, tous deux n\u00e9s au deuxi\u00e8me mois de l\u2019ann\u00e9e ; et la Journ\u00e9e Martin Luther King sign\u00e9e par le pr\u00e9sident de Ronald Reagan en 1983, troisi\u00e8me lundi du mois de janvier pour faire co\u00efncider la f\u00eate avec la date anniversaire du r\u00e9v\u00e9rend.<br \/>\nJe fais un r\u00eave<br \/>\nBien apr\u00e8s la guerre de s\u00e9cession, plusieurs Etats &#8230;<\/p>\n<\/div>\n<p>Auteur:<br \/>\n<a href=\"https:\/\/www.leaders.com.tn\/article\/33065-terence-a-todman-et-le-debut-de-la-desegregation-du-departement-d-etat-americain\">Cliquez ici pour lire l&rsquo;article depuis sa source.<\/a><\/p>\n","protected":false},"excerpt":{"rendered":"<p>Par Mohsen Redissi &#8211; Le gouvernement f\u00e9d\u00e9ral honore les Afro-am\u00e9ricains en deux occasions en reconnaissance de leurs apports\u00a0 socioculturels \u00e0 l\u2019Am\u00e9rique. F\u00e9vrier est consacr\u00e9 au Mois de l&rsquo;histoire des Noirs, Black History Month, instaur\u00e9 en 1976 par le pr\u00e9sident Gerald Ford en hommage \u00e0 Abraham Lincoln et Frederick Douglass, ap\u00f4tres de l&rsquo;\u00e9mancipation des esclaves, tous [&hellip;]<\/p>\n","protected":false},"author":1772,"featured_media":0,"comment_status":"closed","ping_status":"closed","sticky":false,"template":"","format":"standard","meta":{"fifu_image_url":"http:\/\/www.leaders.com.tn\/uploads\/content\/thumbnails_small\/1646734405_article.jpg","fifu_image_alt":"Terence A. Todman et le d\u00e9but de la d\u00e9s\u00e9gr\u00e9gation du d\u00e9partement d\u2019Etat am\u00e9ricain","footnotes":""},"categories":[73,55],"tags":[],"class_list":["post-142625","post","type-post","status-publish","format-standard","hentry","category-actualite","category-tunisie"],"_links":{"self":[{"href":"https:\/\/linitiative.ca\/International\/wp-json\/wp\/v2\/posts\/142625","targetHints":{"allow":["GET"]}}],"collection":[{"href":"https:\/\/linitiative.ca\/International\/wp-json\/wp\/v2\/posts"}],"about":[{"href":"https:\/\/linitiative.ca\/International\/wp-json\/wp\/v2\/types\/post"}],"author":[{"embeddable":true,"href":"https:\/\/linitiative.ca\/International\/wp-json\/wp\/v2\/users\/1772"}],"replies":[{"embeddable":true,"href":"https:\/\/linitiative.ca\/International\/wp-json\/wp\/v2\/comments?post=142625"}],"version-history":[{"count":0,"href":"https:\/\/linitiative.ca\/International\/wp-json\/wp\/v2\/posts\/142625\/revisions"}],"wp:attachment":[{"href":"https:\/\/linitiative.ca\/International\/wp-json\/wp\/v2\/media?parent=142625"}],"wp:term":[{"taxonomy":"category","embeddable":true,"href":"https:\/\/linitiative.ca\/International\/wp-json\/wp\/v2\/categories?post=142625"},{"taxonomy":"post_tag","embeddable":true,"href":"https:\/\/linitiative.ca\/International\/wp-json\/wp\/v2\/tags?post=142625"}],"curies":[{"name":"wp","href":"https:\/\/api.w.org\/{rel}","templated":true}]}}