{"id":142629,"date":"2022-03-08T11:57:00","date_gmt":"2022-03-08T16:57:00","guid":{"rendered":"https:\/\/linitiative.ca\/International\/sarra-rejeb-confirmee-secretaire-generale-du-gouvernement\/"},"modified":"2022-03-08T11:57:00","modified_gmt":"2022-03-08T16:57:00","slug":"sarra-rejeb-confirmee-secretaire-generale-du-gouvernement","status":"publish","type":"post","link":"https:\/\/linitiative.ca\/International\/sarra-rejeb-confirmee-secretaire-generale-du-gouvernement\/","title":{"rendered":"Sarra Rejeb, confirm\u00e9e secr\u00e9taire g\u00e9n\u00e9rale du Gouvernement"},"content":{"rendered":"<div><img decoding=\"async\" src=\"https:\/\/linitiative.ca\/International\/wp-content\/uploads\/sites\/23\/2022\/03\/1646755072_article.jpg\" alt=\"Sarra Rejab\" align=\"left\">Une nomination significative \u00e0 la Kasbah. Jusque-l\u00e0 conseill\u00e8re aupr\u00e8s de la Cheffe du Gouvernement, Sarra Rejeb est nomm\u00e9e secr\u00e9taire g\u00e9n\u00e9rale du gouvernement. Le poste \u00e9tait rest\u00e9 vacant depuis le d\u00e9part, fin juillet dernier, de son dernier titulaire Oualid Dhahbi.<br \/>\nSarra Rejeb est une tr\u00e8s bonne pioche. Ancienne secr\u00e9taire d\u2019Etat aupr\u00e8s du ministre des Transports, elle avait \u00e9t\u00e9 tour \u00e0 tour PDG de Tunisair, de la SNCFT, et de Transtu, apr\u00e8s avoir \u00e9t\u00e9 longtemps directeur g\u00e9n\u00e9ral du transport terrestre. Manager de haut niveau, rompue \u00e0 la gestion des dossiers sociaux br\u00fblants, cette fille d\u2019un illustre militant du mouvement national, ancien d\u00e9tenu politique, a &#8230;<\/p>\n<\/div>\n<p>Auteur:<br \/>\n<a href=\"https:\/\/www.leaders.com.tn\/article\/33071-sarra-rejeb-confirmee-secretaire-generale-du-gouvernement\">Cliquez ici pour lire l&rsquo;article depuis sa source.<\/a><\/p>\n","protected":false},"excerpt":{"rendered":"<p>Une nomination significative \u00e0 la Kasbah. Jusque-l\u00e0 conseill\u00e8re aupr\u00e8s de la Cheffe du Gouvernement, Sarra Rejeb est nomm\u00e9e secr\u00e9taire g\u00e9n\u00e9rale du gouvernement. Le poste \u00e9tait rest\u00e9 vacant depuis le d\u00e9part, fin juillet dernier, de son dernier titulaire Oualid Dhahbi. Sarra Rejeb est une tr\u00e8s bonne pioche. Ancienne secr\u00e9taire d\u2019Etat aupr\u00e8s du ministre des Transports, elle [&hellip;]<\/p>\n","protected":false},"author":1772,"featured_media":0,"comment_status":"closed","ping_status":"closed","sticky":false,"template":"","format":"standard","meta":{"fifu_image_url":"http:\/\/www.leaders.com.tn\/uploads\/content\/thumbnails_small\/1646755072_article.jpg","fifu_image_alt":"Sarra Rejeb, confirm\u00e9e secr\u00e9taire g\u00e9n\u00e9rale du Gouvernement","footnotes":""},"categories":[73,55],"tags":[],"class_list":["post-142629","post","type-post","status-publish","format-standard","hentry","category-actualite","category-tunisie"],"_links":{"self":[{"href":"https:\/\/linitiative.ca\/International\/wp-json\/wp\/v2\/posts\/142629","targetHints":{"allow":["GET"]}}],"collection":[{"href":"https:\/\/linitiative.ca\/International\/wp-json\/wp\/v2\/posts"}],"about":[{"href":"https:\/\/linitiative.ca\/International\/wp-json\/wp\/v2\/types\/post"}],"author":[{"embeddable":true,"href":"https:\/\/linitiative.ca\/International\/wp-json\/wp\/v2\/users\/1772"}],"replies":[{"embeddable":true,"href":"https:\/\/linitiative.ca\/International\/wp-json\/wp\/v2\/comments?post=142629"}],"version-history":[{"count":0,"href":"https:\/\/linitiative.ca\/International\/wp-json\/wp\/v2\/posts\/142629\/revisions"}],"wp:attachment":[{"href":"https:\/\/linitiative.ca\/International\/wp-json\/wp\/v2\/media?parent=142629"}],"wp:term":[{"taxonomy":"category","embeddable":true,"href":"https:\/\/linitiative.ca\/International\/wp-json\/wp\/v2\/categories?post=142629"},{"taxonomy":"post_tag","embeddable":true,"href":"https:\/\/linitiative.ca\/International\/wp-json\/wp\/v2\/tags?post=142629"}],"curies":[{"name":"wp","href":"https:\/\/api.w.org\/{rel}","templated":true}]}}