{"id":142631,"date":"2022-03-08T11:59:00","date_gmt":"2022-03-08T16:59:00","guid":{"rendered":"https:\/\/linitiative.ca\/International\/aida-hamdi-secretaire-detat-a-la-cooperation-internationale-demission-actee\/"},"modified":"2022-03-08T11:59:00","modified_gmt":"2022-03-08T16:59:00","slug":"aida-hamdi-secretaire-detat-a-la-cooperation-internationale-demission-actee","status":"publish","type":"post","link":"https:\/\/linitiative.ca\/International\/aida-hamdi-secretaire-detat-a-la-cooperation-internationale-demission-actee\/","title":{"rendered":"Aida Hamdi, Secr\u00e9taire d\u2019Etat \u00e0 la Coop\u00e9ration internationale : D\u00e9mission act\u00e9e"},"content":{"rendered":"<div><img decoding=\"async\" src=\"https:\/\/linitiative.ca\/International\/wp-content\/uploads\/sites\/23\/2022\/03\/1646755189_article.jpg\" alt=\"Aida Hamdi, Secr\u00e9taire d\u2019Etat \u00e0 la Coop\u00e9ration internationale : D\u00e9mission act\u00e9e\" align=\"left\">Sur la pointe des pieds, elle s\u2019est retir\u00e9e d\u00e9but f\u00e9vrier dernier, trois mois apr\u00e8s son entr\u00e9e au gouvernement. Aida Hamdi, haut fonctionnaire \u00e9tablie en France, et unique secr\u00e9taire d\u2019Etat dans l\u2019\u00e9quipe de Najla Bouden, \u00e9tait charg\u00e9e de la Coop\u00e9ration internationale, aupr\u00e8s du ministre des Affaires \u00e9trang\u00e8res et des Tunisiens \u00e0 l\u2019\u00e9tranger.<br \/>\nD\u2019embl\u00e9e, elle s\u2019\u00e9tait investie dans le br\u00fblant dossier du document des grandes r\u00e9formes \u00e0 soumettre au FMI. Install\u00e9e \u00e0 la Kasbah, o\u00f9 elle a h\u00e9rit\u00e9 en bureau de l\u2019ancienne salle des Actes, charg\u00e9e d\u2019histoire, Aida Hamdi s\u2019\u00e9tait attel\u00e9e \u00e0 la t\u00e2che. C\u2019est ainsi que des groupes de travail transversaux, &#8230;<\/p>\n<\/div>\n<p>Auteur:<br \/>\n<a href=\"https:\/\/www.leaders.com.tn\/article\/33072-aida-hamdi-secretaire-d-etat-a-la-cooperation-internationale-demission-actee\">Cliquez ici pour lire l&rsquo;article depuis sa source.<\/a><\/p>\n","protected":false},"excerpt":{"rendered":"<p>Sur la pointe des pieds, elle s\u2019est retir\u00e9e d\u00e9but f\u00e9vrier dernier, trois mois apr\u00e8s son entr\u00e9e au gouvernement. Aida Hamdi, haut fonctionnaire \u00e9tablie en France, et unique secr\u00e9taire d\u2019Etat dans l\u2019\u00e9quipe de Najla Bouden, \u00e9tait charg\u00e9e de la Coop\u00e9ration internationale, aupr\u00e8s du ministre des Affaires \u00e9trang\u00e8res et des Tunisiens \u00e0 l\u2019\u00e9tranger. D\u2019embl\u00e9e, elle s\u2019\u00e9tait investie [&hellip;]<\/p>\n","protected":false},"author":1772,"featured_media":0,"comment_status":"closed","ping_status":"closed","sticky":false,"template":"","format":"standard","meta":{"fifu_image_url":"http:\/\/www.leaders.com.tn\/uploads\/content\/thumbnails_small\/1646755189_article.jpg","fifu_image_alt":"Aida Hamdi, Secr\u00e9taire d\u2019Etat \u00e0 la Coop\u00e9ration internationale : D\u00e9mission act\u00e9e","footnotes":""},"categories":[73,55],"tags":[],"class_list":["post-142631","post","type-post","status-publish","format-standard","hentry","category-actualite","category-tunisie"],"_links":{"self":[{"href":"https:\/\/linitiative.ca\/International\/wp-json\/wp\/v2\/posts\/142631","targetHints":{"allow":["GET"]}}],"collection":[{"href":"https:\/\/linitiative.ca\/International\/wp-json\/wp\/v2\/posts"}],"about":[{"href":"https:\/\/linitiative.ca\/International\/wp-json\/wp\/v2\/types\/post"}],"author":[{"embeddable":true,"href":"https:\/\/linitiative.ca\/International\/wp-json\/wp\/v2\/users\/1772"}],"replies":[{"embeddable":true,"href":"https:\/\/linitiative.ca\/International\/wp-json\/wp\/v2\/comments?post=142631"}],"version-history":[{"count":0,"href":"https:\/\/linitiative.ca\/International\/wp-json\/wp\/v2\/posts\/142631\/revisions"}],"wp:attachment":[{"href":"https:\/\/linitiative.ca\/International\/wp-json\/wp\/v2\/media?parent=142631"}],"wp:term":[{"taxonomy":"category","embeddable":true,"href":"https:\/\/linitiative.ca\/International\/wp-json\/wp\/v2\/categories?post=142631"},{"taxonomy":"post_tag","embeddable":true,"href":"https:\/\/linitiative.ca\/International\/wp-json\/wp\/v2\/tags?post=142631"}],"curies":[{"name":"wp","href":"https:\/\/api.w.org\/{rel}","templated":true}]}}