{"id":142633,"date":"2022-03-08T13:44:00","date_gmt":"2022-03-08T18:44:00","guid":{"rendered":"https:\/\/linitiative.ca\/International\/pluralisme-et-tribalisme-juridique-facteurs-dinegalites-entre-les-hommes-et-les-femmes\/"},"modified":"2022-03-08T13:44:00","modified_gmt":"2022-03-08T18:44:00","slug":"pluralisme-et-tribalisme-juridique-facteurs-dinegalites-entre-les-hommes-et-les-femmes","status":"publish","type":"post","link":"https:\/\/linitiative.ca\/International\/pluralisme-et-tribalisme-juridique-facteurs-dinegalites-entre-les-hommes-et-les-femmes\/","title":{"rendered":"Pluralisme et tribalisme juridique: facteurs d&rsquo;in\u00e9galit\u00e9s entre les hommes et les femmes"},"content":{"rendered":"<div><img decoding=\"async\" src=\"https:\/\/linitiative.ca\/International\/wp-content\/uploads\/sites\/23\/2022\/03\/1646765052_article.jpg\" alt=\"Pluralisme et tribalisme juridique: facteurs d\" in entre les hommes et femmes align=\"left\">Par Khadija Taoufik Moalla &#8211; Il y a cinquante ans, la communaut\u00e9 internationale s&rsquo;est engag\u00e9e \u00e0 garantir l&rsquo;\u00e9galit\u00e9 des sexes et le droit de chacun de jouir du meilleur \u00e9tat de sant\u00e9 physique et mentale possible. Cinq d\u00e9cennies plus tard, nous n&rsquo;avons toujours pas tenu cette promesse, comme en t\u00e9moigne la persistance d&rsquo;in\u00e9galit\u00e9s et d&rsquo;injustices importantes entre les sexes, dans de nombreux pays ayant b\u00e9n\u00e9ficier d&rsquo;importantes ressources. Il est donc n\u00e9cessaire d&rsquo;approfondir l&rsquo;analyse des in\u00e9galit\u00e9s en adoptant des optiques diff\u00e9rentes pour examiner ces d\u00e9fis afin de favoriser un changement de paradigme dans la mani\u00e8re dont nous concevons les r\u00e9ponses nationales et &#8230;<\/p>\n<\/div>\n<p>Auteur:<br \/>\n<a href=\"https:\/\/www.leaders.com.tn\/article\/33074-pluralisme-et-tribalisme-juridique-facteurs-d-inegalites-entre-les-hommes-et-les-femmes\">Cliquez ici pour lire l&rsquo;article depuis sa source.<\/a><\/p>\n","protected":false},"excerpt":{"rendered":"<p>Par Khadija Taoufik Moalla &#8211; Il y a cinquante ans, la communaut\u00e9 internationale s&rsquo;est engag\u00e9e \u00e0 garantir l&rsquo;\u00e9galit\u00e9 des sexes et le droit de chacun de jouir du meilleur \u00e9tat de sant\u00e9 physique et mentale possible. Cinq d\u00e9cennies plus tard, nous n&rsquo;avons toujours pas tenu cette promesse, comme en t\u00e9moigne la persistance d&rsquo;in\u00e9galit\u00e9s et d&rsquo;injustices [&hellip;]<\/p>\n","protected":false},"author":1772,"featured_media":0,"comment_status":"closed","ping_status":"closed","sticky":false,"template":"","format":"standard","meta":{"fifu_image_url":"http:\/\/www.leaders.com.tn\/uploads\/content\/thumbnails_small\/1646765052_article.jpg","fifu_image_alt":"<div>Pluralisme et tribalisme juridique: facteurs d'in\u00e9galit\u00e9s entre les hommes et les femmes<\/div>","footnotes":""},"categories":[73,55],"tags":[],"class_list":["post-142633","post","type-post","status-publish","format-standard","hentry","category-actualite","category-tunisie"],"_links":{"self":[{"href":"https:\/\/linitiative.ca\/International\/wp-json\/wp\/v2\/posts\/142633","targetHints":{"allow":["GET"]}}],"collection":[{"href":"https:\/\/linitiative.ca\/International\/wp-json\/wp\/v2\/posts"}],"about":[{"href":"https:\/\/linitiative.ca\/International\/wp-json\/wp\/v2\/types\/post"}],"author":[{"embeddable":true,"href":"https:\/\/linitiative.ca\/International\/wp-json\/wp\/v2\/users\/1772"}],"replies":[{"embeddable":true,"href":"https:\/\/linitiative.ca\/International\/wp-json\/wp\/v2\/comments?post=142633"}],"version-history":[{"count":0,"href":"https:\/\/linitiative.ca\/International\/wp-json\/wp\/v2\/posts\/142633\/revisions"}],"wp:attachment":[{"href":"https:\/\/linitiative.ca\/International\/wp-json\/wp\/v2\/media?parent=142633"}],"wp:term":[{"taxonomy":"category","embeddable":true,"href":"https:\/\/linitiative.ca\/International\/wp-json\/wp\/v2\/categories?post=142633"},{"taxonomy":"post_tag","embeddable":true,"href":"https:\/\/linitiative.ca\/International\/wp-json\/wp\/v2\/tags?post=142633"}],"curies":[{"name":"wp","href":"https:\/\/api.w.org\/{rel}","templated":true}]}}