{"id":142639,"date":"2022-03-08T11:51:21","date_gmt":"2022-03-08T16:51:21","guid":{"rendered":"https:\/\/linitiative.ca\/International\/le-ministre-israelien-delegue-aux-affaires-etrangeres-idan-roll-attendu-au-maroc-en-mai\/"},"modified":"2022-03-08T11:51:21","modified_gmt":"2022-03-08T16:51:21","slug":"le-ministre-israelien-delegue-aux-affaires-etrangeres-idan-roll-attendu-au-maroc-en-mai","status":"publish","type":"post","link":"https:\/\/linitiative.ca\/International\/le-ministre-israelien-delegue-aux-affaires-etrangeres-idan-roll-attendu-au-maroc-en-mai\/","title":{"rendered":"Le ministre Isra\u00e9lien d\u00e9l\u00e9gu\u00e9 aux Affaires \u00e9trang\u00e8res, Idan Roll attendu au Maroc en Mai"},"content":{"rendered":"<div><img decoding=\"async\" width=\"275\" height=\"183\" src=\"https:\/\/linitiative.ca\/International\/wp-content\/uploads\/sites\/23\/2022\/03\/idan-rolll.jpg\" class=\"attachment-post-thumbnail size-post-thumbnail wp-post-image\" alt=\"\" loading=\"lazy\" itemprop=\"image\">Un nouveau membre du gouvernement isra\u00e9lien est attendu dans les semaines \u00e0 venir au Maroc. Le ministre d\u00e9l\u00e9gu\u00e9 aux Affaires \u00e9trang\u00e8res, Idan Roll, se rendra en mai prochain au royaume selon Israel Today. Ce d\u00e9placement s\u2019inscrit dans la tourn\u00e9e qu\u2019effectue Idan Roll dans les pays signataires des Accords d\u2019Abraham pour<\/div>\n<p>Auteur: challenge<br \/>\n<a href=\"https:\/\/www.challenge.ma\/le-ministre-israelien-delegue-aux-affaires-etrangeres-idan-roll-attendu-au-maroc-en-mai-233930\/\">Cliquez ici pour lire l&rsquo;article depuis sa source.<\/a><\/p>\n","protected":false},"excerpt":{"rendered":"<p>Un nouveau membre du gouvernement isra\u00e9lien est attendu dans les semaines \u00e0 venir au Maroc. Le ministre d\u00e9l\u00e9gu\u00e9 aux Affaires \u00e9trang\u00e8res, Idan Roll, se rendra en mai prochain au royaume selon Israel Today. Ce d\u00e9placement s\u2019inscrit dans la tourn\u00e9e qu\u2019effectue Idan Roll dans les pays signataires des Accords d\u2019Abraham pour Auteur: challenge Cliquez ici pour [&hellip;]<\/p>\n","protected":false},"author":1787,"featured_media":0,"comment_status":"closed","ping_status":"closed","sticky":false,"template":"","format":"standard","meta":{"fifu_image_url":"https:\/\/www.challenge.ma\/wp-content\/uploads\/2022\/03\/idan-rolll.jpg","fifu_image_alt":"Le ministre Isra\u00e9lien d\u00e9l\u00e9gu\u00e9 aux Affaires \u00e9trang\u00e8res, Idan Roll attendu au Maroc en Mai","footnotes":""},"categories":[78,54],"tags":[],"class_list":["post-142639","post","type-post","status-publish","format-standard","hentry","category-economie","category-maroc"],"_links":{"self":[{"href":"https:\/\/linitiative.ca\/International\/wp-json\/wp\/v2\/posts\/142639","targetHints":{"allow":["GET"]}}],"collection":[{"href":"https:\/\/linitiative.ca\/International\/wp-json\/wp\/v2\/posts"}],"about":[{"href":"https:\/\/linitiative.ca\/International\/wp-json\/wp\/v2\/types\/post"}],"author":[{"embeddable":true,"href":"https:\/\/linitiative.ca\/International\/wp-json\/wp\/v2\/users\/1787"}],"replies":[{"embeddable":true,"href":"https:\/\/linitiative.ca\/International\/wp-json\/wp\/v2\/comments?post=142639"}],"version-history":[{"count":0,"href":"https:\/\/linitiative.ca\/International\/wp-json\/wp\/v2\/posts\/142639\/revisions"}],"wp:attachment":[{"href":"https:\/\/linitiative.ca\/International\/wp-json\/wp\/v2\/media?parent=142639"}],"wp:term":[{"taxonomy":"category","embeddable":true,"href":"https:\/\/linitiative.ca\/International\/wp-json\/wp\/v2\/categories?post=142639"},{"taxonomy":"post_tag","embeddable":true,"href":"https:\/\/linitiative.ca\/International\/wp-json\/wp\/v2\/tags?post=142639"}],"curies":[{"name":"wp","href":"https:\/\/api.w.org\/{rel}","templated":true}]}}