{"id":142641,"date":"2022-03-08T12:29:30","date_gmt":"2022-03-08T17:29:30","guid":{"rendered":"https:\/\/linitiative.ca\/International\/une-delegation-dhommes-daffaires-marocains-se-rendra-en-israel-le-13-mars\/"},"modified":"2022-03-08T12:29:30","modified_gmt":"2022-03-08T17:29:30","slug":"une-delegation-dhommes-daffaires-marocains-se-rendra-en-israel-le-13-mars","status":"publish","type":"post","link":"https:\/\/linitiative.ca\/International\/une-delegation-dhommes-daffaires-marocains-se-rendra-en-israel-le-13-mars\/","title":{"rendered":"Une d\u00e9l\u00e9gation d\u2019hommes d\u2019affaires marocains se rendra en Isra\u00ebl le 13 Mars"},"content":{"rendered":"<div><img decoding=\"async\" width=\"275\" height=\"183\" src=\"https:\/\/linitiative.ca\/International\/wp-content\/uploads\/sites\/23\/2022\/03\/aljjj.jpg\" class=\"attachment-post-thumbnail size-post-thumbnail wp-post-image\" alt=\"\" loading=\"lazy\" itemprop=\"image\">Au cours de cette visite de trois jours, la CGEM rencontrera son homologue isra\u00e9lien pour explorer les possibilit\u00e9s de coop\u00e9ration et signer un accord commercial. La Conf\u00e9d\u00e9ration g\u00e9n\u00e9rale des entreprises du Maroc (CGEM) enverra une d\u00e9l\u00e9gation de professionnels en Isra\u00ebl le 13 mars, \u00e0 l\u2019occasion de l\u2019inauguration de la ligne<\/div>\n<p>Auteur: challenge<br \/>\n<a href=\"https:\/\/www.challenge.ma\/une-delegation-dhommes-daffaires-marocains-se-rendra-en-israel-le-13-mars-233934\/\">Cliquez ici pour lire l&rsquo;article depuis sa source.<\/a><\/p>\n","protected":false},"excerpt":{"rendered":"<p>Au cours de cette visite de trois jours, la CGEM rencontrera son homologue isra\u00e9lien pour explorer les possibilit\u00e9s de coop\u00e9ration et signer un accord commercial. La Conf\u00e9d\u00e9ration g\u00e9n\u00e9rale des entreprises du Maroc (CGEM) enverra une d\u00e9l\u00e9gation de professionnels en Isra\u00ebl le 13 mars, \u00e0 l\u2019occasion de l\u2019inauguration de la ligne Auteur: challenge Cliquez ici pour [&hellip;]<\/p>\n","protected":false},"author":1787,"featured_media":0,"comment_status":"closed","ping_status":"closed","sticky":false,"template":"","format":"standard","meta":{"fifu_image_url":"https:\/\/www.challenge.ma\/wp-content\/uploads\/2022\/03\/aljjj.jpg","fifu_image_alt":"Une d\u00e9l\u00e9gation d\u2019hommes d\u2019affaires marocains se rendra en Isra\u00ebl le 13 Mars","footnotes":""},"categories":[78,54],"tags":[],"class_list":["post-142641","post","type-post","status-publish","format-standard","hentry","category-economie","category-maroc"],"_links":{"self":[{"href":"https:\/\/linitiative.ca\/International\/wp-json\/wp\/v2\/posts\/142641","targetHints":{"allow":["GET"]}}],"collection":[{"href":"https:\/\/linitiative.ca\/International\/wp-json\/wp\/v2\/posts"}],"about":[{"href":"https:\/\/linitiative.ca\/International\/wp-json\/wp\/v2\/types\/post"}],"author":[{"embeddable":true,"href":"https:\/\/linitiative.ca\/International\/wp-json\/wp\/v2\/users\/1787"}],"replies":[{"embeddable":true,"href":"https:\/\/linitiative.ca\/International\/wp-json\/wp\/v2\/comments?post=142641"}],"version-history":[{"count":0,"href":"https:\/\/linitiative.ca\/International\/wp-json\/wp\/v2\/posts\/142641\/revisions"}],"wp:attachment":[{"href":"https:\/\/linitiative.ca\/International\/wp-json\/wp\/v2\/media?parent=142641"}],"wp:term":[{"taxonomy":"category","embeddable":true,"href":"https:\/\/linitiative.ca\/International\/wp-json\/wp\/v2\/categories?post=142641"},{"taxonomy":"post_tag","embeddable":true,"href":"https:\/\/linitiative.ca\/International\/wp-json\/wp\/v2\/tags?post=142641"}],"curies":[{"name":"wp","href":"https:\/\/api.w.org\/{rel}","templated":true}]}}