{"id":142643,"date":"2022-03-08T13:23:38","date_gmt":"2022-03-08T18:23:38","guid":{"rendered":"https:\/\/linitiative.ca\/International\/dakhla-accueille-le-forum-dinvestissement-maroc-etats-unis\/"},"modified":"2022-03-08T13:23:38","modified_gmt":"2022-03-08T18:23:38","slug":"dakhla-accueille-le-forum-dinvestissement-maroc-etats-unis","status":"publish","type":"post","link":"https:\/\/linitiative.ca\/International\/dakhla-accueille-le-forum-dinvestissement-maroc-etats-unis\/","title":{"rendered":"Dakhla accueille le forum d\u2019investissement Maroc-Etats-Unis"},"content":{"rendered":"<div><img decoding=\"async\" width=\"800\" height=\"500\" src=\"https:\/\/linitiative.ca\/International\/wp-content\/uploads\/sites\/23\/2022\/03\/maroc-usss.jpg\" class=\"attachment-post-thumbnail size-post-thumbnail wp-post-image\" alt=\"\" loading=\"lazy\" srcset=\"https:\/\/linitiative.ca\/International\/wp-content\/uploads\/sites\/23\/2022\/03\/maroc-usss.jpg 800w, https:\/\/www.challenge.ma\/wp-content\/uploads\/2022\/03\/maroc-usss-300x188.jpg 300w, https:\/\/www.challenge.ma\/wp-content\/uploads\/2022\/03\/maroc-usss-768x480.jpg 768w, https:\/\/www.challenge.ma\/wp-content\/uploads\/2022\/03\/maroc-usss-360x225.jpg 360w, https:\/\/www.challenge.ma\/wp-content\/uploads\/2022\/03\/maroc-usss-750x469.jpg 750w\" sizes=\"auto, (max-width: 800px) 100vw, 800px\" itemprop=\"image\">Le forum vise \u00e0 renforcer les liens \u00e9conomiques entre les \u00c9tats-Unis et le Maroc, en mettant en avant les actifs d\u2019investissement dans la r\u00e9gion du sud marocain. En partenariat avec le minist\u00e8re de l\u2019Industrie et du Commerce, ce forum vise \u00e0 consolider la coop\u00e9ration bilat\u00e9rale et \u00e0 d\u00e9velopper de nouveaux<\/div>\n<p>Auteur: challenge<br \/>\n<a href=\"https:\/\/www.challenge.ma\/dakhla-accueille-le-forum-dinvestissement-maroc-etats-unis-233939\/\">Cliquez ici pour lire l&rsquo;article depuis sa source.<\/a><\/p>\n","protected":false},"excerpt":{"rendered":"<p>Le forum vise \u00e0 renforcer les liens \u00e9conomiques entre les \u00c9tats-Unis et le Maroc, en mettant en avant les actifs d\u2019investissement dans la r\u00e9gion du sud marocain. En partenariat avec le minist\u00e8re de l\u2019Industrie et du Commerce, ce forum vise \u00e0 consolider la coop\u00e9ration bilat\u00e9rale et \u00e0 d\u00e9velopper de nouveaux Auteur: challenge Cliquez ici pour [&hellip;]<\/p>\n","protected":false},"author":1787,"featured_media":0,"comment_status":"closed","ping_status":"closed","sticky":false,"template":"","format":"standard","meta":{"fifu_image_url":"https:\/\/www.challenge.ma\/wp-content\/uploads\/2022\/03\/maroc-usss.jpg","fifu_image_alt":"Dakhla accueille le forum d\u2019investissement Maroc-Etats-Unis","footnotes":""},"categories":[78,54],"tags":[],"class_list":["post-142643","post","type-post","status-publish","format-standard","hentry","category-economie","category-maroc"],"_links":{"self":[{"href":"https:\/\/linitiative.ca\/International\/wp-json\/wp\/v2\/posts\/142643","targetHints":{"allow":["GET"]}}],"collection":[{"href":"https:\/\/linitiative.ca\/International\/wp-json\/wp\/v2\/posts"}],"about":[{"href":"https:\/\/linitiative.ca\/International\/wp-json\/wp\/v2\/types\/post"}],"author":[{"embeddable":true,"href":"https:\/\/linitiative.ca\/International\/wp-json\/wp\/v2\/users\/1787"}],"replies":[{"embeddable":true,"href":"https:\/\/linitiative.ca\/International\/wp-json\/wp\/v2\/comments?post=142643"}],"version-history":[{"count":0,"href":"https:\/\/linitiative.ca\/International\/wp-json\/wp\/v2\/posts\/142643\/revisions"}],"wp:attachment":[{"href":"https:\/\/linitiative.ca\/International\/wp-json\/wp\/v2\/media?parent=142643"}],"wp:term":[{"taxonomy":"category","embeddable":true,"href":"https:\/\/linitiative.ca\/International\/wp-json\/wp\/v2\/categories?post=142643"},{"taxonomy":"post_tag","embeddable":true,"href":"https:\/\/linitiative.ca\/International\/wp-json\/wp\/v2\/tags?post=142643"}],"curies":[{"name":"wp","href":"https:\/\/api.w.org\/{rel}","templated":true}]}}