{"id":142652,"date":"2022-03-08T05:36:32","date_gmt":"2022-03-08T10:36:32","guid":{"rendered":"https:\/\/linitiative.ca\/International\/8-mars-je-rends-un-vibrant-hommage-aux-vaillantes-femmes-du-burkina-faso-president-du-faso\/"},"modified":"2022-03-08T05:36:32","modified_gmt":"2022-03-08T10:36:32","slug":"8-mars-je-rends-un-vibrant-hommage-aux-vaillantes-femmes-du-burkina-faso-president-du-faso","status":"publish","type":"post","link":"https:\/\/linitiative.ca\/International\/8-mars-je-rends-un-vibrant-hommage-aux-vaillantes-femmes-du-burkina-faso-president-du-faso\/","title":{"rendered":"8 mars : \u00ab\u00a0je rends un vibrant hommage aux vaillantes femmes du Burkina Faso\u00a0\u00bb Pr\u00e9sident du Faso"},"content":{"rendered":"<div>\n<p>Aujourd\u2019hui 08 mars, la communaut\u00e9 internationale c\u00e9l\u00e8bre la Journ\u00e9e internationale des femmes.<br \/>\nEn ce jour comm\u00e9moratif des luttes \u00e9mancipatrices de la Femme, je rends un vibrant hommage aux vaillantes femmes du Burkina Faso, engag\u00e9es en premi\u00e8re ligne sur les chantiers de d\u00e9veloppement de notre pays.<br \/>\nJ\u2019ai une pens\u00e9e particuli\u00e8re pour les milliers de femmes d\u00e9plac\u00e9es internes. Ces femmes, nos m\u00e8res, nos filles, nos s\u0153urs, oblig\u00e9es de fuir leurs foyers du fait des actions des groupes arm\u00e9s terroristes.<br \/>\nJe voudrais appeler l\u2019ensemble des Burkinab\u00e8 \u00e0 une c\u00e9l\u00e9bration sous le sceau de la sobri\u00e9t\u00e9 pour non seulement manifester notre solidarit\u00e9 \u00e0 l\u2019endroit de toutes ces femmes victimes du terrorisme, mais \u00e9galement pour r\u00e9affirmer notre communaut\u00e9 de destin avec tous nos compatriotes qui vivent des situations difficiles.<br \/>\nL\u2019\u0153uvre de refondation de notre Nation que nous avons engag\u00e9e ne saurait prosp\u00e9rer sans la participation et l\u2019implication des femmes qui repr\u00e9sentent plus de la moiti\u00e9 de la population burkinab\u00e8.<br \/>\nC\u2019est pourquoi j\u2019appelle les femmes \u00e0 jouer pleinement leur r\u00f4le dans la perspective d\u2019un Burkina nouveau, de paix, d\u2019int\u00e9grit\u00e9 retrouv\u00e9e et de d\u00e9veloppement.<br \/>\nBonne f\u00eate \u00e0 toutes les femmes du Burkina Faso<\/p>\n<p>Lieutenant-Colonel Paul-Henri Sandaogo Damiba<\/p>\n<p>L\u2019article <a rel=\"nofollow\" href=\"https:\/\/www.sidwaya.info\/blog\/2022\/03\/08\/8-mars-je-rends-un-vibrant-hommage-aux-vaillantes-femmes-du-burkina-faso-president-du-faso\/\">8 mars : \u00ab\u00a0je rends un vibrant hommage aux vaillantes femmes du Burkina Faso\u00a0\u00bb Pr\u00e9sident du Faso<\/a> est apparu en premier sur <a rel=\"nofollow\" href=\"https:\/\/www.sidwaya.info\/\">Quotidien Sidwaya<\/a>.<\/p>\n<\/div>\n<p>Auteur: BS. Sidwaya<br \/>\n<a href=\"https:\/\/www.sidwaya.info\/blog\/2022\/03\/08\/8-mars-je-rends-un-vibrant-hommage-aux-vaillantes-femmes-du-burkina-faso-president-du-faso\/?utm_source=rss&#038;utm_medium=rss&#038;utm_campaign=8-mars-je-rends-un-vibrant-hommage-aux-vaillantes-femmes-du-burkina-faso-president-du-faso\">Cliquez ici pour lire l&rsquo;article depuis sa source.<\/a><\/p>\n","protected":false},"excerpt":{"rendered":"<p>Aujourd\u2019hui 08 mars, la communaut\u00e9 internationale c\u00e9l\u00e8bre la Journ\u00e9e internationale des femmes. En ce jour comm\u00e9moratif des luttes \u00e9mancipatrices de la Femme, je rends un vibrant hommage aux vaillantes femmes du Burkina Faso, engag\u00e9es en premi\u00e8re ligne sur les chantiers de d\u00e9veloppement de notre pays. J\u2019ai une pens\u00e9e particuli\u00e8re pour les milliers de femmes d\u00e9plac\u00e9es [&hellip;]<\/p>\n","protected":false},"author":1816,"featured_media":0,"comment_status":"closed","ping_status":"closed","sticky":false,"template":"","format":"standard","meta":{"fifu_image_url":"","fifu_image_alt":"","footnotes":""},"categories":[73,81],"tags":[],"class_list":["post-142652","post","type-post","status-publish","format-standard","hentry","category-actualite","category-burkina-faso"],"_links":{"self":[{"href":"https:\/\/linitiative.ca\/International\/wp-json\/wp\/v2\/posts\/142652","targetHints":{"allow":["GET"]}}],"collection":[{"href":"https:\/\/linitiative.ca\/International\/wp-json\/wp\/v2\/posts"}],"about":[{"href":"https:\/\/linitiative.ca\/International\/wp-json\/wp\/v2\/types\/post"}],"author":[{"embeddable":true,"href":"https:\/\/linitiative.ca\/International\/wp-json\/wp\/v2\/users\/1816"}],"replies":[{"embeddable":true,"href":"https:\/\/linitiative.ca\/International\/wp-json\/wp\/v2\/comments?post=142652"}],"version-history":[{"count":0,"href":"https:\/\/linitiative.ca\/International\/wp-json\/wp\/v2\/posts\/142652\/revisions"}],"wp:attachment":[{"href":"https:\/\/linitiative.ca\/International\/wp-json\/wp\/v2\/media?parent=142652"}],"wp:term":[{"taxonomy":"category","embeddable":true,"href":"https:\/\/linitiative.ca\/International\/wp-json\/wp\/v2\/categories?post=142652"},{"taxonomy":"post_tag","embeddable":true,"href":"https:\/\/linitiative.ca\/International\/wp-json\/wp\/v2\/tags?post=142652"}],"curies":[{"name":"wp","href":"https:\/\/api.w.org\/{rel}","templated":true}]}}