{"id":142654,"date":"2022-03-08T11:18:03","date_gmt":"2022-03-08T16:18:03","guid":{"rendered":"https:\/\/linitiative.ca\/International\/sahara-washington-reitere-son-soutien-au-plan-dautonomie-marocain\/"},"modified":"2022-03-08T11:18:03","modified_gmt":"2022-03-08T16:18:03","slug":"sahara-washington-reitere-son-soutien-au-plan-dautonomie-marocain","status":"publish","type":"post","link":"https:\/\/linitiative.ca\/International\/sahara-washington-reitere-son-soutien-au-plan-dautonomie-marocain\/","title":{"rendered":"Sahara: Washington r\u00e9it\u00e8re son soutien au plan d\u2019autonomie marocain"},"content":{"rendered":"<div>\n<p><img decoding=\"async\" width=\"1280\" height=\"853\" src=\"https:\/\/linitiative.ca\/International\/wp-content\/uploads\/sites\/23\/2022\/03\/16467562831099.jpg\" class=\"attachment-post-thumbnail size-post-thumbnail wp-post-image\" alt=\"\" loading=\"lazy\" srcset=\"https:\/\/linitiative.ca\/International\/wp-content\/uploads\/sites\/23\/2022\/03\/16467562831099.jpg 1280w, https:\/\/www.journalducameroun.com\/wp-content\/uploads\/2022\/03\/16467562831099-300x200.jpg 300w, https:\/\/www.journalducameroun.com\/wp-content\/uploads\/2022\/03\/16467562831099-1024x682.jpg 1024w, https:\/\/www.journalducameroun.com\/wp-content\/uploads\/2022\/03\/16467562831099-768x512.jpg 768w, https:\/\/www.journalducameroun.com\/wp-content\/uploads\/2022\/03\/16467562831099-660x440.jpg 660w, https:\/\/www.journalducameroun.com\/wp-content\/uploads\/2022\/03\/16467562831099-600x400.jpg 600w\" sizes=\"auto, (max-width: 1280px) 100vw, 1280px\"><\/p>\n<p>La Sous-secr\u00e9taire d&rsquo;\u00c9tat am\u00e9ricaine, Wendy Sherman a r\u00e9it\u00e9r\u00e9, mardi \u00e0 Rabat, le soutien de Washington au plan d&rsquo;autonomie, propos\u00e9 par le Maroc en 2007, en tant que solution d\u00e9finitive au conflit autour du Sahara.\u00a0\u00bbLes \u00c9tats-Unis continuent de consid\u00e9rer le plan d&rsquo;autonomie marocain comme s\u00e9rieux, cr\u00e9dible et r\u00e9aliste, et en tant qu&rsquo;approche pouvant r\u00e9pondre aux aspirations des populations de la r\u00e9gion\u00a0\u00bb, lit-on dans d\u00e9claration conjointe publi\u00e9e \u00e0 l&rsquo;issue de la session du dialogue strat\u00e9gique Maroc-\u00c9tats-Unis sur les questions politiques r\u00e9gionales.<\/p>\n<p>Cette session a \u00e9t\u00e9 copr\u00e9sid\u00e9e par la responsable am\u00e9ricaine et le ministre marocain des Affaires \u00e9trang\u00e8res, Nasser Bourita.<\/p>\n<p>A cette occasion, les deux parties ont exprim\u00e9 leur \u00ab\u00a0soutien ferme\u00a0\u00bb \u00e0 l&rsquo;Envoy\u00e9 Personnel du Secr\u00e9taire g\u00e9n\u00e9ral de l&rsquo;ONU, M. Staffan de Mistura, dans la conduite du processus politique relatif au Sahara, men\u00e9 sous les auspices des Nations Unies, indique un communiqu\u00e9 conjoint ayant sanctionn\u00e9 cette session du dialogue strat\u00e9gique.<\/p>\n<p>Elles ont d&rsquo;ailleurs \u00e9voqu\u00e9 la D\u00e9claration conjointe, sign\u00e9e le 22 d\u00e9cembre 2020 par le Royaume du Maroc, les Etats-Unis d&rsquo;Am\u00e9rique et l&rsquo;Etat d&rsquo;Isra\u00ebl, consacrant la reconnaissance am\u00e9ricaine de la pleine souverainet\u00e9 du Royaume sur son Sahara, de m\u00eame qu&rsquo;ils ont discut\u00e9 des moyens de renforcer cette coop\u00e9ration.<\/p>\n<p>La responsable am\u00e9ricaine a salu\u00e9, dans ce sens, l&rsquo;approfondissement continu des relations entre le Maroc et Isra\u00ebl.<\/p>\n<p>Le dialogue strat\u00e9gique Maroc-\u00c9tats-Unis sur les questions politiques r\u00e9gionales a \u00e9t\u00e9 l&rsquo;occasion pour les diplomaties am\u00e9ricaine et marocaine de passer en revue une s\u00e9rie de questions d&rsquo;int\u00e9r\u00eat commun, dont la coop\u00e9ration dans le domaine de la s\u00e9curit\u00e9 et des droits de l&rsquo;Homme, et de couvrir des questions d&rsquo;ordre r\u00e9gional ayant trait au Sahel, \u00e0 la Libye et \u00e0 l&rsquo;Ukraine.<\/p>\n<p>Ce dialogue s&rsquo;inscrit dans le cadre des consultations strat\u00e9giques r\u00e9guli\u00e8res entre le Royaume du Maroc et les Etats-Unis d&rsquo;Am\u00e9rique.<\/p>\n<p>Cet article <a rel=\"nofollow\" href=\"https:\/\/www.journalducameroun.com\/sahara-washington-reitere-son-soutien-au-plan-dautonomie-marocain\/\">Sahara: Washington r\u00e9it\u00e8re son soutien au plan d\u2019autonomie marocain<\/a> est apparu en premier sur <a rel=\"nofollow\" href=\"https:\/\/www.journalducameroun.com\/\">Journal du Cameroun<\/a>.<\/p>\n<\/div>\n<p>Auteur: APA News<br \/>\n<a href=\"https:\/\/www.journalducameroun.com\/sahara-washington-reitere-son-soutien-au-plan-dautonomie-marocain\/\">Cliquez ici pour lire l&rsquo;article depuis sa source.<\/a><\/p>\n","protected":false},"excerpt":{"rendered":"<p>La Sous-secr\u00e9taire d&rsquo;\u00c9tat am\u00e9ricaine, Wendy Sherman a r\u00e9it\u00e9r\u00e9, mardi \u00e0 Rabat, le soutien de Washington au plan d&rsquo;autonomie, propos\u00e9 par le Maroc en 2007, en tant que solution d\u00e9finitive au conflit autour du Sahara.\u00a0\u00bbLes \u00c9tats-Unis continuent de consid\u00e9rer le plan d&rsquo;autonomie marocain comme s\u00e9rieux, cr\u00e9dible et r\u00e9aliste, et en tant qu&rsquo;approche pouvant r\u00e9pondre aux aspirations [&hellip;]<\/p>\n","protected":false},"author":1965,"featured_media":0,"comment_status":"closed","ping_status":"closed","sticky":false,"template":"","format":"standard","meta":{"fifu_image_url":"https:\/\/www.journalducameroun.com\/wp-content\/uploads\/2022\/03\/16467562831099.jpg","fifu_image_alt":"Sahara: Washington r\u00e9it\u00e8re son soutien au plan d\u2019autonomie marocain","footnotes":""},"categories":[73,82],"tags":[],"class_list":["post-142654","post","type-post","status-publish","format-standard","hentry","category-actualite","category-cameroun"],"_links":{"self":[{"href":"https:\/\/linitiative.ca\/International\/wp-json\/wp\/v2\/posts\/142654","targetHints":{"allow":["GET"]}}],"collection":[{"href":"https:\/\/linitiative.ca\/International\/wp-json\/wp\/v2\/posts"}],"about":[{"href":"https:\/\/linitiative.ca\/International\/wp-json\/wp\/v2\/types\/post"}],"author":[{"embeddable":true,"href":"https:\/\/linitiative.ca\/International\/wp-json\/wp\/v2\/users\/1965"}],"replies":[{"embeddable":true,"href":"https:\/\/linitiative.ca\/International\/wp-json\/wp\/v2\/comments?post=142654"}],"version-history":[{"count":0,"href":"https:\/\/linitiative.ca\/International\/wp-json\/wp\/v2\/posts\/142654\/revisions"}],"wp:attachment":[{"href":"https:\/\/linitiative.ca\/International\/wp-json\/wp\/v2\/media?parent=142654"}],"wp:term":[{"taxonomy":"category","embeddable":true,"href":"https:\/\/linitiative.ca\/International\/wp-json\/wp\/v2\/categories?post=142654"},{"taxonomy":"post_tag","embeddable":true,"href":"https:\/\/linitiative.ca\/International\/wp-json\/wp\/v2\/tags?post=142654"}],"curies":[{"name":"wp","href":"https:\/\/api.w.org\/{rel}","templated":true}]}}