{"id":142656,"date":"2022-03-08T11:47:49","date_gmt":"2022-03-08T16:47:49","guid":{"rendered":"https:\/\/linitiative.ca\/International\/cameroun-intensifier-la-lutte-contre-les-violences-fondees-sur-le-genre\/"},"modified":"2022-03-08T11:47:49","modified_gmt":"2022-03-08T16:47:49","slug":"cameroun-intensifier-la-lutte-contre-les-violences-fondees-sur-le-genre","status":"publish","type":"post","link":"https:\/\/linitiative.ca\/International\/cameroun-intensifier-la-lutte-contre-les-violences-fondees-sur-le-genre\/","title":{"rendered":"Cameroun: intensifier la lutte contre les violences fond\u00e9es sur le genre"},"content":{"rendered":"<div>\n<p><img decoding=\"async\" width=\"1260\" height=\"700\" src=\"https:\/\/linitiative.ca\/International\/wp-content\/uploads\/sites\/23\/2022\/03\/Violences-faites-aux-femmes.jpeg\" class=\"attachment-post-thumbnail size-post-thumbnail wp-post-image\" alt=\"Egalit\u00e9 des genres\" loading=\"lazy\" srcset=\"https:\/\/linitiative.ca\/International\/wp-content\/uploads\/sites\/23\/2022\/03\/Violences-faites-aux-femmes.jpeg 1260w, https:\/\/www.journalducameroun.com\/wp-content\/uploads\/2022\/03\/Violences-faites-aux-femmes-300x167.jpeg 300w, https:\/\/www.journalducameroun.com\/wp-content\/uploads\/2022\/03\/Violences-faites-aux-femmes-1024x569.jpeg 1024w, https:\/\/www.journalducameroun.com\/wp-content\/uploads\/2022\/03\/Violences-faites-aux-femmes-768x427.jpeg 768w, https:\/\/www.journalducameroun.com\/wp-content\/uploads\/2022\/03\/Violences-faites-aux-femmes-160x90.jpeg 160w, https:\/\/www.journalducameroun.com\/wp-content\/uploads\/2022\/03\/Violences-faites-aux-femmes-792x440.jpeg 792w, https:\/\/www.journalducameroun.com\/wp-content\/uploads\/2022\/03\/Violences-faites-aux-femmes-600x333.jpeg 600w\" sizes=\"auto, (max-width: 1260px) 100vw, 1260px\"><\/p>\n<h2 style=\"text-align: justify;\">C&rsquo;est la toile de fond des discussions \u00e9ducatives organis\u00e9es le 7 mars dernier au centre de r\u00e9f\u00e9rence Chantal Biya.<\/h2>\n<p style=\"text-align: justify;\">Elles \u00e9taient au total 50 femmes venues de divers horizons. Toutes un point en commun, la c\u00e9l\u00e9bration de la 37\u00e8me \u00e9dition de la journ\u00e9e internationale, <strong>Jif<\/strong> d\u00e9di\u00e9e aux droits de la femme.<\/p>\n<p style=\"text-align: justify;\">Et c&rsquo;est dans ce contexte que le Centre international de recherche Chantal Biya \u00a0la recherche sur la pr\u00e9vention et la prise en charge du VIH\/Sida (<strong>CIRCB<\/strong>) leur a r\u00e9uni autour du th\u00e8me, <strong>&lsquo;Lutte contre les violences bas\u00e9es sur le genre; \u00e9l\u00e9ment cl\u00e9 pour r\u00e9duire les disparit\u00e9s entre genres&rsquo;.<\/strong><\/p>\n<p style=\"text-align: justify;\">Pour l&rsquo;une des panelistes, Vivian Kendemeh, les violences faites aux femmes persistent encore aujourd&rsquo;hui. Elle souligne que soient elles sont faites dans les lieux de services ou alors \u00e0 la maison.<br \/>\nPour sortir donc de ces maux, la <strong>f\u00e9ministe<\/strong> invite les femmes \u00e0 veiller les unes sur les autres indiquant qu&rsquo;un peut \u00eatre en train de mourir dans le silence sous le pr\u00e9texte de la soumission soit \u00e0 son patron ou son \u00e9poux.<\/p>\n<p style=\"text-align: justify;\">Hors cela ne devrait plus faire partie de notre quotidien \u00e0 cette \u00e8re. C&rsquo;est en tout cas l&rsquo;avis du Pr Alexis Ndjolo qui pensent que les hommes et femmes sont tous \u00e9gaux et surtout compl\u00e9mentaires. Dans le cadre du travail, elle s&rsquo;appuie sur l&rsquo;exemple approximatif du <strong>CIRCB<\/strong>.<\/p>\n<p style=\"text-align: justify;\">Au sein de la structure, 55% du personnel est essentiellement de la gente f\u00e9minine et les femmes au sein de la structure sont \u00e9lev\u00e9es \u00e0 des postes au m\u00eame rang que les hommes.<\/p>\n<p style=\"text-align: justify;\">Toujours pour ce qui est de l&rsquo;<strong>\u00e9galit\u00e9 des genres<\/strong>, le Pr Alexis Ndjolo affirme que la notion d&rsquo;\u00e9galit\u00e9 peut diff\u00e9rer au niveau du comportement. Pour lui, il y a des situations o\u00f9 les femmes sont sous-estim\u00e9es aux hommes et d&rsquo;autres cas o\u00f9 elles sont surestim\u00e9es face aux hommes.<\/p>\n<p>Cet article <a rel=\"nofollow\" href=\"https:\/\/www.journalducameroun.com\/cameroun-intensifier-la-lutte-contre-les-violences-fondees-sur-le-genre\/\">Cameroun: intensifier la lutte contre les violences fond\u00e9es sur le genre<\/a> est apparu en premier sur <a rel=\"nofollow\" href=\"https:\/\/www.journalducameroun.com\/\">Journal du Cameroun<\/a>.<\/p>\n<\/div>\n<p>Auteur: Paul Wandji<br \/>\n<a href=\"https:\/\/www.journalducameroun.com\/cameroun-intensifier-la-lutte-contre-les-violences-fondees-sur-le-genre\/\">Cliquez ici pour lire l&rsquo;article depuis sa source.<\/a><\/p>\n","protected":false},"excerpt":{"rendered":"<p>C&rsquo;est la toile de fond des discussions \u00e9ducatives organis\u00e9es le 7 mars dernier au centre de r\u00e9f\u00e9rence Chantal Biya. Elles \u00e9taient au total 50 femmes venues de divers horizons. Toutes un point en commun, la c\u00e9l\u00e9bration de la 37\u00e8me \u00e9dition de la journ\u00e9e internationale, Jif d\u00e9di\u00e9e aux droits de la femme. Et c&rsquo;est dans ce [&hellip;]<\/p>\n","protected":false},"author":1965,"featured_media":0,"comment_status":"closed","ping_status":"closed","sticky":false,"template":"","format":"standard","meta":{"fifu_image_url":"https:\/\/www.journalducameroun.com\/wp-content\/uploads\/2022\/03\/Violences-faites-aux-femmes.jpeg","fifu_image_alt":"Cameroun: intensifier la lutte contre les violences fond\u00e9es sur le genre","footnotes":""},"categories":[73,82],"tags":[],"class_list":["post-142656","post","type-post","status-publish","format-standard","hentry","category-actualite","category-cameroun"],"_links":{"self":[{"href":"https:\/\/linitiative.ca\/International\/wp-json\/wp\/v2\/posts\/142656","targetHints":{"allow":["GET"]}}],"collection":[{"href":"https:\/\/linitiative.ca\/International\/wp-json\/wp\/v2\/posts"}],"about":[{"href":"https:\/\/linitiative.ca\/International\/wp-json\/wp\/v2\/types\/post"}],"author":[{"embeddable":true,"href":"https:\/\/linitiative.ca\/International\/wp-json\/wp\/v2\/users\/1965"}],"replies":[{"embeddable":true,"href":"https:\/\/linitiative.ca\/International\/wp-json\/wp\/v2\/comments?post=142656"}],"version-history":[{"count":0,"href":"https:\/\/linitiative.ca\/International\/wp-json\/wp\/v2\/posts\/142656\/revisions"}],"wp:attachment":[{"href":"https:\/\/linitiative.ca\/International\/wp-json\/wp\/v2\/media?parent=142656"}],"wp:term":[{"taxonomy":"category","embeddable":true,"href":"https:\/\/linitiative.ca\/International\/wp-json\/wp\/v2\/categories?post=142656"},{"taxonomy":"post_tag","embeddable":true,"href":"https:\/\/linitiative.ca\/International\/wp-json\/wp\/v2\/tags?post=142656"}],"curies":[{"name":"wp","href":"https:\/\/api.w.org\/{rel}","templated":true}]}}