{"id":142660,"date":"2022-03-08T13:18:03","date_gmt":"2022-03-08T18:18:03","guid":{"rendered":"https:\/\/linitiative.ca\/International\/ouganda-le-lieutenant-general-muhoozi-kainerugaba-quitte-larmee\/"},"modified":"2022-03-08T13:18:03","modified_gmt":"2022-03-08T18:18:03","slug":"ouganda-le-lieutenant-general-muhoozi-kainerugaba-quitte-larmee","status":"publish","type":"post","link":"https:\/\/linitiative.ca\/International\/ouganda-le-lieutenant-general-muhoozi-kainerugaba-quitte-larmee\/","title":{"rendered":"Ouganda : le lieutenant-g\u00e9n\u00e9ral Muhoozi Kainerugaba quitte l\u2019arm\u00e9e"},"content":{"rendered":"<div>\n<p><img decoding=\"async\" width=\"719\" height=\"719\" src=\"https:\/\/linitiative.ca\/International\/wp-content\/uploads\/sites\/23\/2022\/03\/16467634832973.jpg\" class=\"attachment-post-thumbnail size-post-thumbnail wp-post-image\" alt=\"\" loading=\"lazy\" srcset=\"https:\/\/linitiative.ca\/International\/wp-content\/uploads\/sites\/23\/2022\/03\/16467634832973.jpg 719w, https:\/\/www.journalducameroun.com\/wp-content\/uploads\/2022\/03\/16467634832973-300x300.jpg 300w, https:\/\/www.journalducameroun.com\/wp-content\/uploads\/2022\/03\/16467634832973-150x150.jpg 150w, https:\/\/www.journalducameroun.com\/wp-content\/uploads\/2022\/03\/16467634832973-440x440.jpg 440w, https:\/\/www.journalducameroun.com\/wp-content\/uploads\/2022\/03\/16467634832973-60x60.jpg 60w, https:\/\/www.journalducameroun.com\/wp-content\/uploads\/2022\/03\/16467634832973-100x100.jpg 100w, https:\/\/www.journalducameroun.com\/wp-content\/uploads\/2022\/03\/16467634832973-600x600.jpg 600w\" sizes=\"auto, (max-width: 719px) 100vw, 719px\"><\/p>\n<p>Le fils a\u00een\u00e9 du pr\u00e9sident Yoweri Museveni (77 ans) est pressenti pour prendre sa succession.\u00c0 47 ans, dont 28 au sein de l&rsquo;arm\u00e9e ougandaise, le lieutenant-g\u00e9n\u00e9ral Muhoozi Kainerugaba poursuit son ascension vers le sommet de l&rsquo;\u00c9tat.<\/p>\n<p>L&rsquo;ancien chef de l&rsquo;arm\u00e9e de terre a annonc\u00e9, ce mardi dans un tweet, sa d\u00e9cision de se retirer de l&rsquo;arm\u00e9e. L&rsquo;a\u00een\u00e9 du pr\u00e9sident Yoweri Museveni est le seul de ses quatre enfants \u00e0 avoir embrass\u00e9 une carri\u00e8re militaire.<\/p>\n<p>Le lieutenant-g\u00e9n\u00e9ral Muhoozi Kainerugaba a \u00e9t\u00e9 form\u00e9 au Royaume-Uni, aux \u00c9tats-Unis, en Afrique du Sud et en \u00c9gypte.<\/p>\n<p>Cet article <a rel=\"nofollow\" href=\"https:\/\/www.journalducameroun.com\/ouganda-le-lieutenant-general-muhoozi-kainerugaba-quitte-larmee\/\">Ouganda : le lieutenant-g\u00e9n\u00e9ral Muhoozi Kainerugaba quitte l\u2019arm\u00e9e<\/a> est apparu en premier sur <a rel=\"nofollow\" href=\"https:\/\/www.journalducameroun.com\/\">Journal du Cameroun<\/a>.<\/p>\n<\/div>\n<p>Auteur: APA News<br \/>\n<a href=\"https:\/\/www.journalducameroun.com\/ouganda-le-lieutenant-general-muhoozi-kainerugaba-quitte-larmee\/\">Cliquez ici pour lire l&rsquo;article depuis sa source.<\/a><\/p>\n","protected":false},"excerpt":{"rendered":"<p>Le fils a\u00een\u00e9 du pr\u00e9sident Yoweri Museveni (77 ans) est pressenti pour prendre sa succession.\u00c0 47 ans, dont 28 au sein de l&rsquo;arm\u00e9e ougandaise, le lieutenant-g\u00e9n\u00e9ral Muhoozi Kainerugaba poursuit son ascension vers le sommet de l&rsquo;\u00c9tat. L&rsquo;ancien chef de l&rsquo;arm\u00e9e de terre a annonc\u00e9, ce mardi dans un tweet, sa d\u00e9cision de se retirer de [&hellip;]<\/p>\n","protected":false},"author":1965,"featured_media":0,"comment_status":"closed","ping_status":"closed","sticky":false,"template":"","format":"standard","meta":{"fifu_image_url":"https:\/\/www.journalducameroun.com\/wp-content\/uploads\/2022\/03\/16467634832973.jpg","fifu_image_alt":"Ouganda : le lieutenant-g\u00e9n\u00e9ral Muhoozi Kainerugaba quitte l\u2019arm\u00e9e","footnotes":""},"categories":[73,82],"tags":[],"class_list":["post-142660","post","type-post","status-publish","format-standard","hentry","category-actualite","category-cameroun"],"_links":{"self":[{"href":"https:\/\/linitiative.ca\/International\/wp-json\/wp\/v2\/posts\/142660","targetHints":{"allow":["GET"]}}],"collection":[{"href":"https:\/\/linitiative.ca\/International\/wp-json\/wp\/v2\/posts"}],"about":[{"href":"https:\/\/linitiative.ca\/International\/wp-json\/wp\/v2\/types\/post"}],"author":[{"embeddable":true,"href":"https:\/\/linitiative.ca\/International\/wp-json\/wp\/v2\/users\/1965"}],"replies":[{"embeddable":true,"href":"https:\/\/linitiative.ca\/International\/wp-json\/wp\/v2\/comments?post=142660"}],"version-history":[{"count":0,"href":"https:\/\/linitiative.ca\/International\/wp-json\/wp\/v2\/posts\/142660\/revisions"}],"wp:attachment":[{"href":"https:\/\/linitiative.ca\/International\/wp-json\/wp\/v2\/media?parent=142660"}],"wp:term":[{"taxonomy":"category","embeddable":true,"href":"https:\/\/linitiative.ca\/International\/wp-json\/wp\/v2\/categories?post=142660"},{"taxonomy":"post_tag","embeddable":true,"href":"https:\/\/linitiative.ca\/International\/wp-json\/wp\/v2\/tags?post=142660"}],"curies":[{"name":"wp","href":"https:\/\/api.w.org\/{rel}","templated":true}]}}