{"id":142666,"date":"2022-03-08T10:39:15","date_gmt":"2022-03-08T15:39:15","guid":{"rendered":"https:\/\/linitiative.ca\/International\/farine-de-ble-le-gouvernement-redoute-une-penurie-avec-effet-sur-le-prix-du-pain\/"},"modified":"2022-03-08T10:39:15","modified_gmt":"2022-03-08T15:39:15","slug":"farine-de-ble-le-gouvernement-redoute-une-penurie-avec-effet-sur-le-prix-du-pain","status":"publish","type":"post","link":"https:\/\/linitiative.ca\/International\/farine-de-ble-le-gouvernement-redoute-une-penurie-avec-effet-sur-le-prix-du-pain\/","title":{"rendered":"Farine de bl\u00e9\u00a0: le Gouvernement redoute une p\u00e9nurie avec effet sur le prix du pain"},"content":{"rendered":"<div>\n<p>Le 1er mars dernier, au terme d\u2019une op\u00e9ration de contr\u00f4le de la disponibilit\u00e9 et de la stabilit\u00e9 des prix des denr\u00e9es alimentaires dans les march\u00e9s de Yaound\u00e9, le ministre du Commerce, Luc Magloire Mbarga Atangana, au d\u00e9briefing avec la presse, n\u2019a pas pu dissimuler son inqui\u00e9tude au sujet des menaces qui p\u00e8sent sur l\u2019\u00e9conomie locale, corolaire du conflit arm\u00e9 entre l\u2019Ukraine et la Russie, m\u00eame, si elle se d\u00e9roule \u00e0 des ann\u00e9es lumi\u00e8res du Cameroun, le chef du maroquin du Commerce croit savoir que cette guerre est susceptible d\u2019occasionner une p\u00e9nurie du bl\u00e9 \u00e0 l\u2019\u00e9chelle mondiale, en raison des restrictions d\u2019exportations de cette c\u00e9r\u00e9ale impos\u00e9es \u00e0 la Russie par la communaut\u00e9 internationale. Le pays de Vladimir Poutine, mis en isolement par la plupart des Etats, couvre avec l\u2019Ukraine, 29% des exportations de bl\u00e9 mondial (17% pour la Russie, 12% pour l\u2019Ukraine). Or, la Russie, l\u2019un des plus grands producteurs de bl\u00e9 au monde, est par ailleurs le principal fournisseur du Cameroun.<\/p>\n<p><strong>Lire aussi <\/strong>: <strong><a href=\"https:\/\/ecomatin.net\/crise-russo-ukrainienne-peril-sur-lapprovisionnement-du-cameroun-en-ble\/\">Crise russo-ukrainienne\u00a0: p\u00e9ril sur l\u2019approvisionnement\u00a0du Cameroun en bl\u00e9<\/a><\/strong><\/p>\n<p>Par effet domino, l\u2019industrie meuni\u00e8re du Cameroun devrait subir les cons\u00e9quences de plein fouet, o\u00f9 les inqui\u00e9tudes continuent de grandir du c\u00f4t\u00e9 du Groupement des industries meuni\u00e8res du Cameroun (GIMC), principal importateur de bl\u00e9. \u00ab On ne peut que craindre le pire. Est-ce qu\u2019on arrivera \u00e0 charger les navires ? Est-ce qu\u2019on arrivera \u00e0 les d\u00e9charger ? Ce sont des questions que tout le monde se pose. Vous savez jusqu\u2019ici il y avait risque de guerre, maintenant la guerre est l\u00e0. Qu\u2019est-ce que \u00e7a va engendrer ? \u00bb, a indiqu\u00e9 Alfred Momo Ebongue, Secr\u00e9taire g\u00e9n\u00e9ral du Groupement des industries meuni\u00e8res du Cameroun, dans un de nos pr\u00e9c\u00e9dents articles. La p\u00e9nurie de bl\u00e9 devrait par ailleurs entrainer un rench\u00e9rissement des co\u00fbts de la farine de bl\u00e9 utilis\u00e9e dans la boulangerie et la p\u00e2tisserie. Et le prix de la baguette de pain s\u2019en trouve ainsi menac\u00e9e.<\/p>\n<p><strong>Vers une hausse du prix du pain\u00a0?<\/strong><\/p>\n<p>C\u2019est du moins ce que redoute le Gouvernement. Plus que jamais, les sp\u00e9culations entretenues nagu\u00e8re sur une vrai-fausse augmentation du prix de la baguette devraient c\u00e9der la place \u00e0 la r\u00e9alit\u00e9. \u00abC\u2019est peut-\u00eatre maintenant que le prix du pain risque d\u2019augmenter r\u00e9ellement avec le conflit arm\u00e9 entre la Russie et l\u2019Ukraine. Les fronti\u00e8res de la Russie sont ferm\u00e9es, elle n\u2019exporte plus. Il faut donc craindre pour le prix du pain \u00bb, a exprim\u00e9 Luc Magloire Mbarga Atangana. Le prix de la baguette de 200g pourrait repasser \u00e0 150 FCFA, soit 25 F de plus, comme c\u2019\u00e9tait d\u00e9j\u00e0 le cas avant 2009. C\u2019est en effet au lendemain des \u00e9meutes de la faim en 2008, que le Gouvernement a d\u00e9cid\u00e9 de baisser le prix de la baguette de pain de 200g, m\u00eame si \u00e0 la v\u00e9rit\u00e9, son applicabilit\u00e9 n\u2019a jamais \u00e9t\u00e9 r\u00e9ellement effective car, plusieurs revendeurs ont continu\u00e9 depuis lors \u00e0 la commercialiser au prix initial.<\/p>\n<p><strong>Lire aussi<\/strong> : <strong><a href=\"https:\/\/ecomatin.net\/les-meuniers-suspendent-la-livraison-n-de-la-farine-de-ble-sur-toute-letendue-du-territoire-national\/\">Les meuniers suspendent la livraison de la farine de bl\u00e9 sur toute l\u2019\u00e9tendue du territoire national<\/a><\/strong><\/p>\n<p>L\u2019article <a rel=\"nofollow\" href=\"https:\/\/ecomatin.net\/farine-de-ble-le-gouvernement-redoute-une-penurie-avec-effet-sur-le-prix-du-pain\/\">Farine de bl\u00e9\u00a0: le Gouvernement redoute une p\u00e9nurie avec effet sur le prix du pain<\/a> est apparu en premier sur <a rel=\"nofollow\" href=\"https:\/\/ecomatin.net\/\">EcoMatin<\/a>.<\/p>\n<\/div>\n<p>Auteur: Yannick KENNE<br \/>\n<a href=\"https:\/\/ecomatin.net\/farine-de-ble-le-gouvernement-redoute-une-penurie-avec-effet-sur-le-prix-du-pain\/\">Cliquez ici pour lire l&rsquo;article depuis sa source.<\/a><\/p>\n","protected":false},"excerpt":{"rendered":"<p>Le 1er mars dernier, au terme d\u2019une op\u00e9ration de contr\u00f4le de la disponibilit\u00e9 et de la stabilit\u00e9 des prix des denr\u00e9es alimentaires dans les march\u00e9s de Yaound\u00e9, le ministre du Commerce, Luc Magloire Mbarga Atangana, au d\u00e9briefing avec la presse, n\u2019a pas pu dissimuler son inqui\u00e9tude au sujet des menaces qui p\u00e8sent sur l\u2019\u00e9conomie locale, [&hellip;]<\/p>\n","protected":false},"author":1969,"featured_media":0,"comment_status":"closed","ping_status":"closed","sticky":false,"template":"","format":"standard","meta":{"fifu_image_url":"","fifu_image_alt":"","footnotes":""},"categories":[82,78],"tags":[],"class_list":["post-142666","post","type-post","status-publish","format-standard","hentry","category-cameroun","category-economie"],"_links":{"self":[{"href":"https:\/\/linitiative.ca\/International\/wp-json\/wp\/v2\/posts\/142666","targetHints":{"allow":["GET"]}}],"collection":[{"href":"https:\/\/linitiative.ca\/International\/wp-json\/wp\/v2\/posts"}],"about":[{"href":"https:\/\/linitiative.ca\/International\/wp-json\/wp\/v2\/types\/post"}],"author":[{"embeddable":true,"href":"https:\/\/linitiative.ca\/International\/wp-json\/wp\/v2\/users\/1969"}],"replies":[{"embeddable":true,"href":"https:\/\/linitiative.ca\/International\/wp-json\/wp\/v2\/comments?post=142666"}],"version-history":[{"count":0,"href":"https:\/\/linitiative.ca\/International\/wp-json\/wp\/v2\/posts\/142666\/revisions"}],"wp:attachment":[{"href":"https:\/\/linitiative.ca\/International\/wp-json\/wp\/v2\/media?parent=142666"}],"wp:term":[{"taxonomy":"category","embeddable":true,"href":"https:\/\/linitiative.ca\/International\/wp-json\/wp\/v2\/categories?post=142666"},{"taxonomy":"post_tag","embeddable":true,"href":"https:\/\/linitiative.ca\/International\/wp-json\/wp\/v2\/tags?post=142666"}],"curies":[{"name":"wp","href":"https:\/\/api.w.org\/{rel}","templated":true}]}}