{"id":142668,"date":"2022-03-08T13:20:52","date_gmt":"2022-03-08T18:20:52","guid":{"rendered":"https:\/\/linitiative.ca\/International\/ecomatin-celebre-la-journee-internationale-des-droits-de-la-femme\/"},"modified":"2022-03-08T13:20:52","modified_gmt":"2022-03-08T18:20:52","slug":"ecomatin-celebre-la-journee-internationale-des-droits-de-la-femme","status":"publish","type":"post","link":"https:\/\/linitiative.ca\/International\/ecomatin-celebre-la-journee-internationale-des-droits-de-la-femme\/","title":{"rendered":"EcoMatin c\u00e9l\u00e8bre la journ\u00e9e internationale des droits de la femme"},"content":{"rendered":"<div>\n<p>Pour la\u00a0 c\u00e9l\u00e9bration de cette 37<sup>\u00e8me<\/sup>\u00a0\u00e9dition de la journ\u00e9e internationale des droits de la femme (JIF), \u00ab\u00a0l\u2019\u00e9galit\u00e9 femmes-hommes aujourd\u2019hui pour un avenir durable\u00a0\u00bb est mise en exergue, en guise de th\u00e8me. C\u2019est d\u2019ailleurs dans cette logique que les entreprises camerounaises se battent bec et ongle pour accompagner la parit\u00e9 du genre. Au sein d\u2019EcoMatin, l\u2019on d\u00e9nombre 5 collaboratrices femmes sur les 14 que compte l\u2019entreprise. Il est clairement perceptible que l\u2019on n\u2019est pas tr\u00e8s loin de l\u2019\u00e9galit\u00e9 pr\u00f4n\u00e9 par le gouvernement.<\/p>\n<p><strong>Lire aussi<\/strong> : <strong><a href=\"https:\/\/ecomatin.net\/jif-2022-la-place-de-la-femme-dans-s-la-creation-de-la-richesse\/\">JIF 2022\u00a0: la place de la femme dans la cr\u00e9ation de la richesse<\/a><\/strong><\/p>\n<p>A l\u2019occasion donc de la JIF 2022, le journal sp\u00e9cialis\u00e9 en \u00e9conomique et finance au Cameroun et en Afrique Centrale, fait la part belle aux femmes, en ce jour qui leur est d\u00e9di\u00e9. A cet effet, il a \u00e9t\u00e9 organis\u00e9 un brunch entre le personnel f\u00e9minin et le directeur de publication, Emile Fidieck. Ceci dans l\u2019optique d\u2019avoir un \u00e9change sur le th\u00e8me de cette 37<sup>e<\/sup>\u00a0\u00e9dition de la journ\u00e9e internationale des droits de la femme. Brunch durant lequel,\u00a0\u00a0il n\u2019a pas manqu\u00e9 d\u2019exprimer son attention particuli\u00e8re \u00e0 l\u2019endroit de la femme et de pousser la r\u00e9flexion sur la place de cette derni\u00e8re dans la soci\u00e9t\u00e9. Sur ce point, le DP a pris le soin de relever l\u2019\u00e9galit\u00e9 homme-femme qu\u2019il promeut dans sa soci\u00e9t\u00e9 \u00e0 travers l\u2019esprit de professionnalisme qui y r\u00e8gne et, l\u2019opportunit\u00e9 qui est donn\u00e9 \u00e0 la femme au m\u00eame titre que l\u2019homme de faire ses preuves.<\/p>\n<p><strong>Lire aussi<\/strong> : <strong><a href=\"https:\/\/ecomatin.net\/entrepreneuriat-les-femmes-peu-nombreuses-et-moins-performantes\/\">Entrepreneuriat : les femmes peu nombreuses et moins performantes<\/a><\/strong><\/p>\n<p>Accompagner la dynamique de l\u2019autonomisation de la femme dans la soci\u00e9t\u00e9, reste un d\u00e9fi que rel\u00e8ve bien le manager d\u2019EcoMatin. Pour ce faire, une atmosph\u00e8re sereine et responsable qui pr\u00e9serve la femme de toute forme de discrimination li\u00e9e au harc\u00e8lement moral et sexuel a d\u2019ores et d\u00e9j\u00e0 \u00e9t\u00e9 instaur\u00e9e dans l\u2019entreprise. Le brunch du jour a \u00e9galement \u00e9t\u00e9 marqu\u00e9 par les prises de paroles des diff\u00e9rentes collaboratrices sur les diff\u00e9rents sujets ayant meubl\u00e9s l\u2019\u00e9change. De plus elles ont par ailleurs exprim\u00e9 leurs remerciements \u00e0 l\u2019endroit du top management qui a permis la tenue de ce moment de convivialit\u00e9.<\/p>\n<p>L\u2019article <a rel=\"nofollow\" href=\"https:\/\/ecomatin.net\/ecomatin-celebre-la-journee-internationale-des-droits-de-la-femme\/\">EcoMatin c\u00e9l\u00e8bre la journ\u00e9e internationale des droits de la femme<\/a> est apparu en premier sur <a rel=\"nofollow\" href=\"https:\/\/ecomatin.net\/\">EcoMatin<\/a>.<\/p>\n<\/div>\n<p>Auteur: Mairamou Abdou<br \/>\n<a href=\"https:\/\/ecomatin.net\/ecomatin-celebre-la-journee-internationale-des-droits-de-la-femme\/\">Cliquez ici pour lire l&rsquo;article depuis sa source.<\/a><\/p>\n","protected":false},"excerpt":{"rendered":"<p>Pour la\u00a0 c\u00e9l\u00e9bration de cette 37\u00e8me\u00a0\u00e9dition de la journ\u00e9e internationale des droits de la femme (JIF), \u00ab\u00a0l\u2019\u00e9galit\u00e9 femmes-hommes aujourd\u2019hui pour un avenir durable\u00a0\u00bb est mise en exergue, en guise de th\u00e8me. C\u2019est d\u2019ailleurs dans cette logique que les entreprises camerounaises se battent bec et ongle pour accompagner la parit\u00e9 du genre. Au sein d\u2019EcoMatin, l\u2019on [&hellip;]<\/p>\n","protected":false},"author":1969,"featured_media":0,"comment_status":"closed","ping_status":"closed","sticky":false,"template":"","format":"standard","meta":{"fifu_image_url":"","fifu_image_alt":"","footnotes":""},"categories":[82,78],"tags":[],"class_list":["post-142668","post","type-post","status-publish","format-standard","hentry","category-cameroun","category-economie"],"_links":{"self":[{"href":"https:\/\/linitiative.ca\/International\/wp-json\/wp\/v2\/posts\/142668","targetHints":{"allow":["GET"]}}],"collection":[{"href":"https:\/\/linitiative.ca\/International\/wp-json\/wp\/v2\/posts"}],"about":[{"href":"https:\/\/linitiative.ca\/International\/wp-json\/wp\/v2\/types\/post"}],"author":[{"embeddable":true,"href":"https:\/\/linitiative.ca\/International\/wp-json\/wp\/v2\/users\/1969"}],"replies":[{"embeddable":true,"href":"https:\/\/linitiative.ca\/International\/wp-json\/wp\/v2\/comments?post=142668"}],"version-history":[{"count":0,"href":"https:\/\/linitiative.ca\/International\/wp-json\/wp\/v2\/posts\/142668\/revisions"}],"wp:attachment":[{"href":"https:\/\/linitiative.ca\/International\/wp-json\/wp\/v2\/media?parent=142668"}],"wp:term":[{"taxonomy":"category","embeddable":true,"href":"https:\/\/linitiative.ca\/International\/wp-json\/wp\/v2\/categories?post=142668"},{"taxonomy":"post_tag","embeddable":true,"href":"https:\/\/linitiative.ca\/International\/wp-json\/wp\/v2\/tags?post=142668"}],"curies":[{"name":"wp","href":"https:\/\/api.w.org\/{rel}","templated":true}]}}