{"id":142669,"date":"2022-03-08T13:38:48","date_gmt":"2022-03-08T18:38:48","guid":{"rendered":"https:\/\/linitiative.ca\/International\/coupe-cemac-2022-le-cameroun-sacre-pays-hote-apres-une-treve-de-8-ans\/"},"modified":"2022-03-08T13:38:48","modified_gmt":"2022-03-08T18:38:48","slug":"coupe-cemac-2022-le-cameroun-sacre-pays-hote-apres-une-treve-de-8-ans","status":"publish","type":"post","link":"https:\/\/linitiative.ca\/International\/coupe-cemac-2022-le-cameroun-sacre-pays-hote-apres-une-treve-de-8-ans\/","title":{"rendered":"Coupe Cemac 2022\u00a0: le Cameroun sacr\u00e9 pays h\u00f4te apr\u00e8s une tr\u00eave de 8 ans"},"content":{"rendered":"<div>\n<p>\u00ab\u00a0Jeux Cemac\u00a0\u00bb est la probable nouvelle appellation de la coupe de la Cemac dont l\u2019organisation a \u00e9t\u00e9 confi\u00e9e au Cameroun pour cette \u00e9dition. Apr\u00e8s l\u2019organisation du championnat d\u2019Afrique des nations (Chan) en 2021 et celle de la coupe d\u2019Afrique des nations (CAN) en 2022, le pays de Samuel Eto\u2019o Fils a \u00e9t\u00e9 choisi pour abriter la coupe de la Communaut\u00e9 \u00e9conomique et mon\u00e9taire de l\u2019Afrique centrale (Cemac) 2022, apr\u00e8s 8\u00a0ans d\u2019arr\u00eat. Au cours d\u2019une s\u00e9ance de travail qui a eu lieu le 01 mars 2022 \u00e0 Yaound\u00e9 entre le ministre des Sports et de l\u2019\u00c9ducation physique (Minsep), Narcisse Mouelle Kombi et une d\u00e9l\u00e9gation de la Commission de la Cemac conduite par Jos\u00e9 Antonio Edjang Ntutumu Avomo, \u00ab\u00a0la relance de la Coupe Cemac en jeux Cemac incluant plusieurs autres disciplines en dames comme en messieurs\u00a0\u00bb\u00a0\u00e9tait l\u2019une des principales d\u00e9cisions prises.<\/p>\n<p>Aussi, note-t-on qu\u2019avant, le tournoi ne concernait que le football masculin mais si l\u2019appellation de la coupe se transforme en \u00ab jeux Cemac\u00a0\u00bb, la comp\u00e9tition\u00a0\u00a0fera appel \u00e0 d\u2019autres disciplines sportives comme le football f\u00e9minin, le basketball, le cyclisme, les sports de combat, etc.\u00a0<\/p>\n<p>Bien plus, le point a \u00e9t\u00e9 fait sur l\u2019\u00e9volution de ce dossier en ce qui concerne la date de la comp\u00e9tition ainsi que les dispositions techniques et financi\u00e8res.\u00a0\u00ab\u00a0Les experts du Minsep et ceux de la Commission en charge du d\u00e9veloppement de l\u2019\u00e9ducation, de la recherche et du d\u00e9veloppement social vont poursuivre les \u00e9changes sur ces points et bien d\u2019autres \u00e0 soumettre \u00e0 l\u2019attention des hautes autorit\u00e9s du Cameroun et de la Cemac<em>\u2009<\/em>\u00bba d\u00e9clar\u00e9 Narcisse Mouelle Kombi.<\/p>\n<p>Pour rappel, la Coupe de l\u2019UDEAC est remise au go\u00fbt du jour en 2003 sous le nom de Coupe Cemac, du nom de la Communaut\u00e9 \u00e9conomique et mon\u00e9taire de l\u2019Afrique centrale, successeur de l\u2019UDEAC. Cette comp\u00e9tition est r\u00e9serv\u00e9e aux joueurs \u00e9voluant\u00a0dans les championnats de leur pays. Elle regroupe\u00a0les pays de l\u2019Afrique centrale (Cameroun, Centrafrique, Congo, Gabon, Guin\u00e9e \u00e9quatoriale et Tchad). L\u2019on se rappelle que le dernier tournoi date de 2014 (en Guin\u00e9e \u00e9quatoriale) au cours duquel le Cameroun a termin\u00e9 \u00e0 la troisi\u00e8me place en battant le pays organisateur aux tirs au but.<\/p>\n<p>L\u2019article <a rel=\"nofollow\" href=\"https:\/\/ecomatin.net\/coupe-cemac-2022-le-cameroun-sacre-pays-s-hote-apres-une-treve-de-8-ans\/\">Coupe Cemac 2022\u00a0: le Cameroun sacr\u00e9 pays h\u00f4te apr\u00e8s une tr\u00eave de 8 ans<\/a> est apparu en premier sur <a rel=\"nofollow\" href=\"https:\/\/ecomatin.net\/\">EcoMatin<\/a>.<\/p>\n<\/div>\n<p>Auteur: Mairamou Abdou<br \/>\n<a href=\"https:\/\/ecomatin.net\/coupe-cemac-2022-le-cameroun-sacre-pays-s-hote-apres-une-treve-de-8-ans\/\">Cliquez ici pour lire l&rsquo;article depuis sa source.<\/a><\/p>\n","protected":false},"excerpt":{"rendered":"<p>\u00ab\u00a0Jeux Cemac\u00a0\u00bb est la probable nouvelle appellation de la coupe de la Cemac dont l\u2019organisation a \u00e9t\u00e9 confi\u00e9e au Cameroun pour cette \u00e9dition. Apr\u00e8s l\u2019organisation du championnat d\u2019Afrique des nations (Chan) en 2021 et celle de la coupe d\u2019Afrique des nations (CAN) en 2022, le pays de Samuel Eto\u2019o Fils a \u00e9t\u00e9 choisi pour abriter [&hellip;]<\/p>\n","protected":false},"author":1969,"featured_media":0,"comment_status":"closed","ping_status":"closed","sticky":false,"template":"","format":"standard","meta":{"fifu_image_url":"","fifu_image_alt":"","footnotes":""},"categories":[82,78],"tags":[],"class_list":["post-142669","post","type-post","status-publish","format-standard","hentry","category-cameroun","category-economie"],"_links":{"self":[{"href":"https:\/\/linitiative.ca\/International\/wp-json\/wp\/v2\/posts\/142669","targetHints":{"allow":["GET"]}}],"collection":[{"href":"https:\/\/linitiative.ca\/International\/wp-json\/wp\/v2\/posts"}],"about":[{"href":"https:\/\/linitiative.ca\/International\/wp-json\/wp\/v2\/types\/post"}],"author":[{"embeddable":true,"href":"https:\/\/linitiative.ca\/International\/wp-json\/wp\/v2\/users\/1969"}],"replies":[{"embeddable":true,"href":"https:\/\/linitiative.ca\/International\/wp-json\/wp\/v2\/comments?post=142669"}],"version-history":[{"count":0,"href":"https:\/\/linitiative.ca\/International\/wp-json\/wp\/v2\/posts\/142669\/revisions"}],"wp:attachment":[{"href":"https:\/\/linitiative.ca\/International\/wp-json\/wp\/v2\/media?parent=142669"}],"wp:term":[{"taxonomy":"category","embeddable":true,"href":"https:\/\/linitiative.ca\/International\/wp-json\/wp\/v2\/categories?post=142669"},{"taxonomy":"post_tag","embeddable":true,"href":"https:\/\/linitiative.ca\/International\/wp-json\/wp\/v2\/tags?post=142669"}],"curies":[{"name":"wp","href":"https:\/\/api.w.org\/{rel}","templated":true}]}}