{"id":142672,"date":"2022-03-09T08:00:41","date_gmt":"2022-03-09T13:00:41","guid":{"rendered":"https:\/\/linitiative.ca\/International\/labelvie-les-indicateurs-financiers-au-vert\/"},"modified":"2022-03-09T08:00:41","modified_gmt":"2022-03-09T13:00:41","slug":"labelvie-les-indicateurs-financiers-au-vert","status":"publish","type":"post","link":"https:\/\/linitiative.ca\/International\/labelvie-les-indicateurs-financiers-au-vert\/","title":{"rendered":"LabelVie\u00a0: Les indicateurs financiers au vert"},"content":{"rendered":"<div>\n<p><img loading=\"lazy\" decoding=\"async\" width=\"300\" height=\"153\" src=\"https:\/\/linitiative.ca\/International\/wp-content\/uploads\/sites\/23\/2022\/03\/labelvie-300x153-1.jpg\" class=\"attachment-medium size-medium wp-post-image\" alt=\"\" srcset=\"https:\/\/linitiative.ca\/International\/wp-content\/uploads\/sites\/23\/2022\/03\/labelvie-300x153-1.jpg 300w, https:\/\/aujourdhui.ma\/wp-content\/uploads\/2022\/03\/labelvie-274x140.jpg 274w, https:\/\/aujourdhui.ma\/wp-content\/uploads\/2022\/03\/labelvie.jpg 746w, https:\/\/aujourdhui.ma\/wp-content\/uploads\/2022\/03\/labelvie-165x84.jpg 165w, https:\/\/aujourdhui.ma\/wp-content\/uploads\/2022\/03\/labelvie-702x358.jpg 702w\" sizes=\"auto, (max-width: 300px) 100vw, 300px\"><\/p>\n<p><span style=\"color: #800000; font-size: 20px;\"><strong>Un chiffre d\u2019affaires de +7\u00a0%, un exc\u00e9dent brut d\u2019exploitation de plus de 1 MMDH\u2026<\/strong><\/span><span id=\"more-401841\"><\/span><\/p>\n<p>Le Groupe LabelVie maintient en 2022 son programme de d\u00e9veloppement acc\u00e9l\u00e9r\u00e9. Rien qu\u2019au mois de janvier deux nouveaux points de vente ont vu le jour. Et ce n\u2019est pas tout. Le Groupe entend \u00e9toffer son r\u00e9seau \u00e0 travers l\u2019ouverture de nouveaux points au titre de cette ann\u00e9e. Une confirmation faite, lundi 7 mars, par le management du Groupe lors d\u2019une conf\u00e9rence de presse d\u00e9di\u00e9e \u00e0 la pr\u00e9sentation des r\u00e9sultats annuels de LabelVie Groupe. Le dispositif enclench\u00e9 par le Groupe couvre trois segments d\u2019activit\u00e9. Dans l\u2019optique de r\u00e9pondre au mieux aux besoins de la client\u00e8le, il sera proc\u00e9d\u00e9, par ailleurs, \u00e0 la poursuite du programme de transformation digitale initi\u00e9 en 2021.<\/p>\n<p>L\u2019exercice \u00e9coul\u00e9 marque, en effet, un tournant historique dans l\u2019histoire de LabelVie au Maroc. Le Groupe r\u00e9alise pour la premi\u00e8re fois un r\u00e9sultat financier positif. Il est ainsi pass\u00e9 de -16,4 millions de dirhams \u00e0 +12,8 millions de dirhams marquant une am\u00e9lioration en valeur de 29 millions de dirhams. \u00abLe r\u00e9sultat financier s\u2019est appr\u00e9ci\u00e9 par rapport \u00e0 l\u2019ann\u00e9e 2020 gr\u00e2ce \u00e0 la nette am\u00e9lioration des co\u00fbts d\u2019endettement et \u00e0 l\u2019augmentation des produits de placement\u00bb, fait savoir le Groupe. Les r\u00e9sultats financiers du Groupe ressortent au vert. On note \u00e0 cet effet une am\u00e9lioration de 7% du chiffre d\u2019affaires, soit un additionnel de 746 millions de dirhams. Il s\u2019est ainsi \u00e9tabli \u00e0 11,75 milliards de dirhams \u00e0 fin 2021. La marge brute s\u2019est pour sa part consolid\u00e9e de 213 millions de dirhams marquant une hausse de 10% compar\u00e9 \u00e0 l\u2019exercice 2020.<\/p>\n<p>Pour ce qui est de l\u2019exc\u00e9dent brut d\u2019exploitation, il a franchi en 2021 la barre du 1 milliard de dirhams marquant une progression de 14%. \u00abLe ratio de l\u2019exc\u00e9dent brut d\u2019exploitation par rapport aux ventes a connu une am\u00e9lioration de 0,7 point port\u00e9e par l\u2019optimisation des marges d\u2019exploitation gr\u00e2ce \u00e0 l\u2019am\u00e9lioration des conditions d\u2019achat et les niveaux de d\u00e9marque sur le stock, la contribution des ouvertures r\u00e9alis\u00e9es en 2021 ainsi que la ma\u00eetrise des charges de fonctionnement\u00bb, indique le Groupe.<br \/>\nIl est \u00e0 rappeler que le Groupe a affich\u00e9 une grande r\u00e9silience dans ce contexte pand\u00e9mique marqu\u00e9 par une crise \u00e0 la fois sanitaire et \u00e9conomique. En t\u00e9moigne la dynamique des ventes observ\u00e9e sur cette p\u00e9riode.<\/p>\n<p>Les transactions par segment d\u2019activit\u00e9 se sont am\u00e9lior\u00e9es de 6%. Le Groupe observe ainsi une augmentation des ventes des hypermarch\u00e9s de 20%. Les ventes du segment hyper cash se sont pour leur part redress\u00e9es de 2% au moment o\u00f9 celles des supermarch\u00e9s ont stagn\u00e9.<\/p>\n<\/div>\n<p>Auteur: ALM<br \/>\n<a href=\"https:\/\/aujourdhui.ma\/economie\/labelvie-les-indicateurs-financiers-au-vert\">Cliquez ici pour lire l&rsquo;article depuis sa source.<\/a><\/p>\n","protected":false},"excerpt":{"rendered":"<p>Un chiffre d\u2019affaires de +7\u00a0%, un exc\u00e9dent brut d\u2019exploitation de plus de 1 MMDH\u2026 Le Groupe LabelVie maintient en 2022 son programme de d\u00e9veloppement acc\u00e9l\u00e9r\u00e9. Rien qu\u2019au mois de janvier deux nouveaux points de vente ont vu le jour. Et ce n\u2019est pas tout. Le Groupe entend \u00e9toffer son r\u00e9seau \u00e0 travers l\u2019ouverture de nouveaux [&hellip;]<\/p>\n","protected":false},"author":1759,"featured_media":0,"comment_status":"closed","ping_status":"closed","sticky":false,"template":"","format":"standard","meta":{"fifu_image_url":"https:\/\/aujourdhui.ma\/wp-content\/uploads\/2022\/03\/labelvie-300x153.jpg","fifu_image_alt":"LabelVie\u00a0: Les indicateurs financiers au vert","footnotes":""},"categories":[73,54],"tags":[],"class_list":["post-142672","post","type-post","status-publish","format-standard","hentry","category-actualite","category-maroc"],"_links":{"self":[{"href":"https:\/\/linitiative.ca\/International\/wp-json\/wp\/v2\/posts\/142672","targetHints":{"allow":["GET"]}}],"collection":[{"href":"https:\/\/linitiative.ca\/International\/wp-json\/wp\/v2\/posts"}],"about":[{"href":"https:\/\/linitiative.ca\/International\/wp-json\/wp\/v2\/types\/post"}],"author":[{"embeddable":true,"href":"https:\/\/linitiative.ca\/International\/wp-json\/wp\/v2\/users\/1759"}],"replies":[{"embeddable":true,"href":"https:\/\/linitiative.ca\/International\/wp-json\/wp\/v2\/comments?post=142672"}],"version-history":[{"count":0,"href":"https:\/\/linitiative.ca\/International\/wp-json\/wp\/v2\/posts\/142672\/revisions"}],"wp:attachment":[{"href":"https:\/\/linitiative.ca\/International\/wp-json\/wp\/v2\/media?parent=142672"}],"wp:term":[{"taxonomy":"category","embeddable":true,"href":"https:\/\/linitiative.ca\/International\/wp-json\/wp\/v2\/categories?post=142672"},{"taxonomy":"post_tag","embeddable":true,"href":"https:\/\/linitiative.ca\/International\/wp-json\/wp\/v2\/tags?post=142672"}],"curies":[{"name":"wp","href":"https:\/\/api.w.org\/{rel}","templated":true}]}}