{"id":142674,"date":"2022-03-09T08:02:16","date_gmt":"2022-03-09T13:02:16","guid":{"rendered":"https:\/\/linitiative.ca\/International\/valoris-group-fete-ses-femmes\/"},"modified":"2022-03-09T08:02:16","modified_gmt":"2022-03-09T13:02:16","slug":"valoris-group-fete-ses-femmes","status":"publish","type":"post","link":"https:\/\/linitiative.ca\/International\/valoris-group-fete-ses-femmes\/","title":{"rendered":"VALORIS GROUP f\u00eate ses femmes"},"content":{"rendered":"<div>\n<p><img loading=\"lazy\" decoding=\"async\" width=\"300\" height=\"153\" src=\"https:\/\/linitiative.ca\/International\/wp-content\/uploads\/sites\/23\/2022\/03\/VALORIS-GROUP-feCC82te-ses-femmes-300x153-1.jpg\" class=\"attachment-medium size-medium wp-post-image\" alt=\"\" srcset=\"https:\/\/linitiative.ca\/International\/wp-content\/uploads\/sites\/23\/2022\/03\/VALORIS-GROUP-feCC82te-ses-femmes-300x153-1.jpg 300w, https:\/\/aujourdhui.ma\/wp-content\/uploads\/2022\/03\/VALORIS-GROUP-fe\u0302te-ses-femmes-274x140.jpg 274w, https:\/\/aujourdhui.ma\/wp-content\/uploads\/2022\/03\/VALORIS-GROUP-fe\u0302te-ses-femmes.jpg 746w, https:\/\/aujourdhui.ma\/wp-content\/uploads\/2022\/03\/VALORIS-GROUP-fe\u0302te-ses-femmes-165x84.jpg 165w, https:\/\/aujourdhui.ma\/wp-content\/uploads\/2022\/03\/VALORIS-GROUP-fe\u0302te-ses-femmes-702x358.jpg 702w\" sizes=\"auto, (max-width: 300px) 100vw, 300px\"><\/p>\n<p><span style=\"font-size: 20px; color: #800000;\"><strong>A l\u2019occasion de la journ\u00e9e internationale des droits des femmes, VALORIS GROUP a souhait\u00e9 rendre hommage \u00e0 l\u2019ensemble des femmes du groupe.<\/strong><\/span><span id=\"more-401881\"><\/span><\/p>\n<p>\u00a0<\/p>\n<p>La journ\u00e9e a d\u00e9marr\u00e9 avec une distribution de fleurs initi\u00e9e par la gente masculine, une fa\u00e7on de dire merci \u00e0 ses collaboratrices, amis et cons\u0153urs qui partagent au quotidien des journ\u00e9es de travail \u00e9quitables dans le stress et la joie.<\/p>\n<p>Les femmes repr\u00e9sentent 38% des effectifs du groupe et sont pr\u00e9sentes \u00e0 tous les \u00e9chelons et au niveau de toutes les fonctions.<\/p>\n<p>\u00a0<\/p>\n<p>Un petit bijou serti de diamant a \u00e9t\u00e9 offert \u00e0 l\u2019ensemble de la gente f\u00e9minine \u00e0 la cl\u00f4ture d\u2019une r\u00e9ception donn\u00e9e en leur honneur \u00e0 cette occasion, mais le groupe a insist\u00e9 (lors d\u2019un mot prononc\u00e9 par Mouna EL AYADI, Responsable des ressources humaines, en cl\u00f4ture de la r\u00e9ception) que le vrai bijou sont ces femmes courageuses et acharn\u00e9es qui ont mis VALORIS GROUP dans leur c\u0153ur pour en faire l\u2019acteur financier majeure qu\u2019il est aujourd\u2019hui.<\/p>\n<\/div>\n<p>Auteur: ALM<br \/>\n<a href=\"https:\/\/aujourdhui.ma\/economie\/valoris-group-fete-ses-femmes\">Cliquez ici pour lire l&rsquo;article depuis sa source.<\/a><\/p>\n","protected":false},"excerpt":{"rendered":"<p>A l\u2019occasion de la journ\u00e9e internationale des droits des femmes, VALORIS GROUP a souhait\u00e9 rendre hommage \u00e0 l\u2019ensemble des femmes du groupe. \u00a0 La journ\u00e9e a d\u00e9marr\u00e9 avec une distribution de fleurs initi\u00e9e par la gente masculine, une fa\u00e7on de dire merci \u00e0 ses collaboratrices, amis et cons\u0153urs qui partagent au quotidien des journ\u00e9es de [&hellip;]<\/p>\n","protected":false},"author":1759,"featured_media":0,"comment_status":"closed","ping_status":"closed","sticky":false,"template":"","format":"standard","meta":{"fifu_image_url":"https:\/\/aujourdhui.ma\/wp-content\/uploads\/2022\/03\/VALORIS-GROUP-fe\u0302te-ses-femmes-300x153.jpg","fifu_image_alt":"VALORIS GROUP f\u00eate ses femmes","footnotes":""},"categories":[73,54],"tags":[],"class_list":["post-142674","post","type-post","status-publish","format-standard","hentry","category-actualite","category-maroc"],"_links":{"self":[{"href":"https:\/\/linitiative.ca\/International\/wp-json\/wp\/v2\/posts\/142674","targetHints":{"allow":["GET"]}}],"collection":[{"href":"https:\/\/linitiative.ca\/International\/wp-json\/wp\/v2\/posts"}],"about":[{"href":"https:\/\/linitiative.ca\/International\/wp-json\/wp\/v2\/types\/post"}],"author":[{"embeddable":true,"href":"https:\/\/linitiative.ca\/International\/wp-json\/wp\/v2\/users\/1759"}],"replies":[{"embeddable":true,"href":"https:\/\/linitiative.ca\/International\/wp-json\/wp\/v2\/comments?post=142674"}],"version-history":[{"count":0,"href":"https:\/\/linitiative.ca\/International\/wp-json\/wp\/v2\/posts\/142674\/revisions"}],"wp:attachment":[{"href":"https:\/\/linitiative.ca\/International\/wp-json\/wp\/v2\/media?parent=142674"}],"wp:term":[{"taxonomy":"category","embeddable":true,"href":"https:\/\/linitiative.ca\/International\/wp-json\/wp\/v2\/categories?post=142674"},{"taxonomy":"post_tag","embeddable":true,"href":"https:\/\/linitiative.ca\/International\/wp-json\/wp\/v2\/tags?post=142674"}],"curies":[{"name":"wp","href":"https:\/\/api.w.org\/{rel}","templated":true}]}}