{"id":142676,"date":"2022-03-09T10:00:44","date_gmt":"2022-03-09T15:00:44","guid":{"rendered":"https:\/\/linitiative.ca\/International\/marrakech-extension-et-operation-de-lifting-pour-le-club-med\/"},"modified":"2022-03-09T10:00:44","modified_gmt":"2022-03-09T15:00:44","slug":"marrakech-extension-et-operation-de-lifting-pour-le-club-med","status":"publish","type":"post","link":"https:\/\/linitiative.ca\/International\/marrakech-extension-et-operation-de-lifting-pour-le-club-med\/","title":{"rendered":"Marrakech : Extension et op\u00e9ration de lifting pour le Club Med"},"content":{"rendered":"<div>\n<p><img loading=\"lazy\" decoding=\"async\" width=\"300\" height=\"153\" src=\"https:\/\/linitiative.ca\/International\/wp-content\/uploads\/sites\/23\/2022\/03\/Club-Med-Exclusive-Collection-Le-Riad-300x153-1.jpg\" class=\"attachment-medium size-medium wp-post-image\" alt=\"\" srcset=\"https:\/\/linitiative.ca\/International\/wp-content\/uploads\/sites\/23\/2022\/03\/Club-Med-Exclusive-Collection-Le-Riad-300x153-1.jpg 300w, https:\/\/aujourdhui.ma\/wp-content\/uploads\/2022\/03\/Club-Med-Exclusive-Collection-Le-Riad-274x140.jpg 274w, https:\/\/aujourdhui.ma\/wp-content\/uploads\/2022\/03\/Club-Med-Exclusive-Collection-Le-Riad.jpg 746w, https:\/\/aujourdhui.ma\/wp-content\/uploads\/2022\/03\/Club-Med-Exclusive-Collection-Le-Riad-165x84.jpg 165w, https:\/\/aujourdhui.ma\/wp-content\/uploads\/2022\/03\/Club-Med-Exclusive-Collection-Le-Riad-702x358.jpg 702w\" sizes=\"auto, (max-width: 300px) 100vw, 300px\"><\/p>\n<p><span style=\"font-size: 20px; color: #800000;\"><strong>Apr\u00e8s les fermetures \u00e0 r\u00e9p\u00e9tition et des mois d\u2019inactivit\u00e9s, les h\u00f4teliers sont aujourd\u2019hui pr\u00eats plus que jamais \u00e0 profiter de la r\u00e9ouverture des fronti\u00e8res et de la lev\u00e9e des restrictions pour accueillir \u00e0 nouveau leurs clients.<\/strong><\/span><br \/>\n<span id=\"more-401858\"><\/span><\/p>\n<p>En cette occasion, et ayant pour objectif de proposer de meilleures offres, le Club Med a inaugur\u00e9 lundi \u00e0 Marrakech son espace \u00abClub Med Exclusive Collection Le Riad\u00bb enti\u00e8rement r\u00e9nov\u00e9 et redesign\u00e9, et a \u00e9galement pos\u00e9 la 1\u00e8re pierre du projet d\u2019extension du Club Med Marrakech La Palmeraie. En effet, apr\u00e8s plusieurs mois de travaux pour r\u00e9novation, l\u2019espace \u00abClub Med Exclusive Collection Le Riad\u00bb a rouvert ses portes en f\u00e9vrier. Dot\u00e9 d\u2019installations de loisirs remises au go\u00fbt du jour, l\u2019\u00e9tablissement offre des services de tr\u00e8s haut de gamme. Ces chantiers d\u2019envergure s\u2019inscrivent dans le cadre du partenariat scell\u00e9 entre Mada\u00ebf, branche tourisme du Groupe CDG, et Club Med, le 19 octobre 2020. Lequel partenariat a pour objectif de p\u00e9renniser le Riad Club Med Marrakech la Palmeraie ouvert en 2004 et d\u2019augmenter sa capacit\u00e9 d\u2019accueil \u00e0 350 chambres, tout en renfor\u00e7ant son orientation familiale afin de r\u00e9pondre aux attentes d\u2019une client\u00e8le haut de gamme et internationale.<br \/>\nLa premi\u00e8re s\u00e9quence a \u00e9t\u00e9 la r\u00e9novation totale de 60 suites et des parties communes de l\u2019espace \u00abClub Med Exclusive Collection Le Riad\u00bb. Restauration de la r\u00e9ception, du bar et des espaces lounges, remplacement du mobilier du tour de piscine et de la terrasse du restaurant et min\u00e9ralisation des jardins priv\u00e9s.<\/p>\n<p>Ces r\u00e9alisations s\u2019inscrivent dans le cadre du projet d\u2019envergure de r\u00e9novation et d\u2019extension du \u00abClub Med Marrakech La Palmeraie\u00bb au c\u0153ur duquel se niche le Riad. Ce dernier est le tout premier espace de la gamme Club Med Exclusive Collection, un des porte-drapeaux de la mont\u00e9e en gamme du Club Med d\u00e9cid\u00e9e par Henri Giscard d\u2019Estaing, pr\u00e9sident du Club Med, et annonc\u00e9e \u00e0 l\u2019ouverture du Club Med Marrakech La Palmeraie.<br \/>\nSont aussi pr\u00e9vues des installations destin\u00e9es \u00e0 am\u00e9liorer la performance \u00e9nerg\u00e9tique du resort et le confort thermique.<br \/>\nLes travaux de r\u00e9novation sont r\u00e9alis\u00e9s en plusieurs phases, avec pour objectif une livraison compl\u00e8te en septembre 2022.<\/p>\n<p>La partie extension concerne, quant \u00e0 elle, la cr\u00e9ation d\u2019une nouvelle zone famille comprenant 66 chambres dont 54 avec vue sur piscine, la construction d\u2019une piscine chauff\u00e9e avec jeux d\u2019eau et bar, en plus de l\u2019am\u00e9nagement d\u2019un baby club.<br \/>\nA cet ensemble, s\u2019ajoutent 22 logements pour les G.O, des vestiaires et un nouveau parking pour les G.E.<br \/>\n\u00abA travers ce projet, Club Med r\u00e9affirme son engagement \u00e0 \u0153uvrer avec Mada\u00ebf. Les investissements que nous avons r\u00e9alis\u00e9s ont permis d\u2019augmenter notre capacit\u00e9 d\u2019accueil et de proposer des services tr\u00e8s hauts de gamme en vue de r\u00e9pondre davantage aux attentes des familles et des couples actifs. Avec Mada\u00ebf, nous sommes fid\u00e8les \u00e0 notre engagement de proposer un style de luxe g\u00e9n\u00e9reux et accueillant \u00e0 \u00e9chelle humaine\u00bb, souligne Henri Giscard d\u2019Estaing. Soulignons que deux autre grands projets sont annonc\u00e9s, en l\u2019occurrence la mise \u00e0 niveau du resort Yasmina ouvert en 1970 dans le nord du pays et la construction du Club Essaouira-Mogador, autres symboles de l\u2019attachement de la marque au trident au Maroc et de sa contribution \u00e0 son d\u00e9veloppement.<\/p>\n<p>A Essaouira, le Club Med est en train de d\u00e9velopper un nouveau resort premium. Avec ses 350 chambres et accessible toute l\u2019ann\u00e9e, cet \u00e9co-resort pour les familles, rehauss\u00e9 d\u2019un espace Club Med Exclusive Collection, sera enti\u00e8rement int\u00e9gr\u00e9 dans son environnement.<br \/>\nA noter que l\u2019investissement allou\u00e9 \u00e0 ces projets est de l\u2019ordre de 265 millions de dirhams.<\/p>\n<\/div>\n<p>Auteur: ALM<br \/>\n<a href=\"https:\/\/aujourdhui.ma\/economie\/marrakech-extension-et-operation-de-lifting-pour-le-club-med\">Cliquez ici pour lire l&rsquo;article depuis sa source.<\/a><\/p>\n","protected":false},"excerpt":{"rendered":"<p>Apr\u00e8s les fermetures \u00e0 r\u00e9p\u00e9tition et des mois d\u2019inactivit\u00e9s, les h\u00f4teliers sont aujourd\u2019hui pr\u00eats plus que jamais \u00e0 profiter de la r\u00e9ouverture des fronti\u00e8res et de la lev\u00e9e des restrictions pour accueillir \u00e0 nouveau leurs clients. En cette occasion, et ayant pour objectif de proposer de meilleures offres, le Club Med a inaugur\u00e9 lundi \u00e0 [&hellip;]<\/p>\n","protected":false},"author":1759,"featured_media":0,"comment_status":"closed","ping_status":"closed","sticky":false,"template":"","format":"standard","meta":{"fifu_image_url":"https:\/\/aujourdhui.ma\/wp-content\/uploads\/2022\/03\/Club-Med-Exclusive-Collection-Le-Riad-300x153.jpg","fifu_image_alt":"Marrakech : Extension et op\u00e9ration de lifting pour le Club Med","footnotes":""},"categories":[73,54],"tags":[],"class_list":["post-142676","post","type-post","status-publish","format-standard","hentry","category-actualite","category-maroc"],"_links":{"self":[{"href":"https:\/\/linitiative.ca\/International\/wp-json\/wp\/v2\/posts\/142676","targetHints":{"allow":["GET"]}}],"collection":[{"href":"https:\/\/linitiative.ca\/International\/wp-json\/wp\/v2\/posts"}],"about":[{"href":"https:\/\/linitiative.ca\/International\/wp-json\/wp\/v2\/types\/post"}],"author":[{"embeddable":true,"href":"https:\/\/linitiative.ca\/International\/wp-json\/wp\/v2\/users\/1759"}],"replies":[{"embeddable":true,"href":"https:\/\/linitiative.ca\/International\/wp-json\/wp\/v2\/comments?post=142676"}],"version-history":[{"count":0,"href":"https:\/\/linitiative.ca\/International\/wp-json\/wp\/v2\/posts\/142676\/revisions"}],"wp:attachment":[{"href":"https:\/\/linitiative.ca\/International\/wp-json\/wp\/v2\/media?parent=142676"}],"wp:term":[{"taxonomy":"category","embeddable":true,"href":"https:\/\/linitiative.ca\/International\/wp-json\/wp\/v2\/categories?post=142676"},{"taxonomy":"post_tag","embeddable":true,"href":"https:\/\/linitiative.ca\/International\/wp-json\/wp\/v2\/tags?post=142676"}],"curies":[{"name":"wp","href":"https:\/\/api.w.org\/{rel}","templated":true}]}}