{"id":142684,"date":"2022-03-08T13:00:00","date_gmt":"2022-03-08T18:00:00","guid":{"rendered":"https:\/\/linitiative.ca\/International\/le-gouvernement-parallele-des-jeunes-lance-le-parlement-mobile\/"},"modified":"2022-03-08T13:00:00","modified_gmt":"2022-03-08T18:00:00","slug":"le-gouvernement-parallele-des-jeunes-lance-le-parlement-mobile","status":"publish","type":"post","link":"https:\/\/linitiative.ca\/International\/le-gouvernement-parallele-des-jeunes-lance-le-parlement-mobile\/","title":{"rendered":"Le gouvernement parall\u00e8le des jeunes lance le \u00ab Parlement mobile \u00bb"},"content":{"rendered":"<div>\n<p class=\"has-text-align-center has-vivid-cyan-blue-color has-text-color\"><strong>Pour encourager les jeunes \u00e0 s\u2019engager en politique<\/strong><\/p>\n<p class=\"has-black-color has-text-color\"><strong>Le gouvernement parall\u00e8le des jeunes (GPJ) a lanc\u00e9, lundi \u00e0 Rabat, la caravane du \u00ab\u00a0Parlement mobile\u00a0\u00bb pour encourager les jeunes \u00e0 s\u2019engager dans l\u2019action politique.<\/strong><\/p>\n<p class=\"has-black-color has-text-color\">Cette initiative, fruit d\u2019un partenariat entre le GPJ et la Fondation Friedrich Naumann dont profiteront quelque 7.650 jeunes, a pour objectif de former et d\u2019encadrer les b\u00e9n\u00e9ficiaires en mati\u00e8re d\u2019analyse et de suivi des politiques publiques et territoriales.<\/p>\n<p class=\"has-black-color has-text-color\">A cette occasion, le pr\u00e9sident du GPJ Ismail El Hamraoui a soulign\u00e9 que cette caravane se propose de promouvoir les efforts visant \u00e0 encourager l\u2019engagement des jeunes en faveur de l\u2019action partisane, de renforcer leurs capacit\u00e9s d\u2019analyse des politiques publiques et d\u2019\u00e9valuer leur impact \u00e9conomique et social\u00a0\u00bb. Et d\u2019ajouter que le rapprochement de l\u2019institution parlementaire des jeunes des diff\u00e9rentes r\u00e9gions du Royaume dans l\u2019ambition de stimuler leur implication dans l\u2019action politique.<\/p>\n<p class=\"has-black-color has-text-color\">Il a rappel\u00e9 que le soutien des actions des jeunes leur permet d\u2019acqu\u00e9rir des comp\u00e9tences et une exp\u00e9rience op\u00e9rationnelles susceptibles de leur ouvrir la voie pour une plus grande participation politique \u00e0 l\u2019avenir, notant que les jeunes pourront pr\u00e9senter des propositions et des alternatives concernant divers d\u00e9partements minist\u00e9riels pour rehausser l\u2019action gouvernementale.<\/p>\n<p>\u00ab\u00a0Ce projet s\u2019inscrit dans le prolongement d\u2019une s\u00e9rie d\u2019initiatives du GPJ, notamment l\u2019Acad\u00e9mie des jeunes et le Laboratoire de recherches et d\u2019\u00e9tudes\u00a0\u00bb d\u00e9di\u00e9s \u00e0 l\u2019encadrement des jeunes pour le suivi des politiques publiques, a fait savoir pour sa par Tarik Boutaybi, jeune ministre charg\u00e9 des affaires \u00e9trang\u00e8res et de la coop\u00e9ration au sein du gouvernement parall\u00e8le.<\/p>\n<p class=\"has-black-color has-text-color\">Il a insist\u00e9 sur la n\u00e9cessit\u00e9 de favoriser de telles initiatives \u00e0 forte port\u00e9e d\u00e9mocratique pour que les jeunes soient une partie prenante dans le d\u00e9bat public et soient mieux conscients de ce qui se passe sur la sc\u00e8ne politique.<\/p>\n<p class=\"has-black-color has-text-color\">De son c\u00f4t\u00e9, Fatiha Talbi, ministre charg\u00e9e de l\u2019\u00c9ducation nationale, du pr\u00e9scolaire et des sports au sein du GPJ, a affirm\u00e9 que \u00ab\u00a0la caravane vise \u00e0 simuler le parlement constitutionnel, surtout que cette tourn\u00e9e sillonnera les diverses r\u00e9gions, en particulier les plus marginalis\u00e9es\u00a0\u00bb. \u00ab\u00a0Pareille initiative devrait contribuer \u00e0 l\u2019encouragement de l\u2019adh\u00e9sion des jeunes cat\u00e9gories \u00e0 rejoindre les partis politiques et \u00e0 prendre part aux prochaines \u00e9ch\u00e9ances\u00a0\u00bb, a-t-elle dit.<\/p>\n<p class=\"has-black-color has-text-color\">Le GPJ est une initiative citoyenne qui se donne pour principale mission de participer \u00e0 l\u2019\u00e9valuation et au suivi des politiques publiques et de se positionner en tant que force de proposition dans les divers secteurs.<\/p>\n<p>L\u2019article <a rel=\"nofollow\" href=\"http:\/\/albayane.press.ma\/le-gouvernement-parallele-des-jeunes-lance-le-parlement-mobile.html\">Le gouvernement parall\u00e8le des jeunes lance le \u00ab Parlement mobile \u00bb<\/a> est apparu en premier sur <a rel=\"nofollow\" href=\"http:\/\/albayane.press.ma\/\">ALBAYANE<\/a>.<\/p>\n<\/div>\n<p>Auteur: M&rsquo;hammed rahal<br \/>\n<a href=\"http:\/\/albayane.press.ma\/le-gouvernement-parallele-des-jeunes-lance-le-parlement-mobile.html\">Cliquez ici pour lire l&rsquo;article depuis sa source.<\/a><\/p>\n","protected":false},"excerpt":{"rendered":"<p>Pour encourager les jeunes \u00e0 s\u2019engager en politique Le gouvernement parall\u00e8le des jeunes (GPJ) a lanc\u00e9, lundi \u00e0 Rabat, la caravane du \u00ab\u00a0Parlement mobile\u00a0\u00bb pour encourager les jeunes \u00e0 s\u2019engager dans l\u2019action politique. Cette initiative, fruit d\u2019un partenariat entre le GPJ et la Fondation Friedrich Naumann dont profiteront quelque 7.650 jeunes, a pour objectif de [&hellip;]<\/p>\n","protected":false},"author":1760,"featured_media":0,"comment_status":"closed","ping_status":"closed","sticky":false,"template":"","format":"standard","meta":{"fifu_image_url":"","fifu_image_alt":"","footnotes":""},"categories":[73,54],"tags":[],"class_list":["post-142684","post","type-post","status-publish","format-standard","hentry","category-actualite","category-maroc"],"_links":{"self":[{"href":"https:\/\/linitiative.ca\/International\/wp-json\/wp\/v2\/posts\/142684","targetHints":{"allow":["GET"]}}],"collection":[{"href":"https:\/\/linitiative.ca\/International\/wp-json\/wp\/v2\/posts"}],"about":[{"href":"https:\/\/linitiative.ca\/International\/wp-json\/wp\/v2\/types\/post"}],"author":[{"embeddable":true,"href":"https:\/\/linitiative.ca\/International\/wp-json\/wp\/v2\/users\/1760"}],"replies":[{"embeddable":true,"href":"https:\/\/linitiative.ca\/International\/wp-json\/wp\/v2\/comments?post=142684"}],"version-history":[{"count":0,"href":"https:\/\/linitiative.ca\/International\/wp-json\/wp\/v2\/posts\/142684\/revisions"}],"wp:attachment":[{"href":"https:\/\/linitiative.ca\/International\/wp-json\/wp\/v2\/media?parent=142684"}],"wp:term":[{"taxonomy":"category","embeddable":true,"href":"https:\/\/linitiative.ca\/International\/wp-json\/wp\/v2\/categories?post=142684"},{"taxonomy":"post_tag","embeddable":true,"href":"https:\/\/linitiative.ca\/International\/wp-json\/wp\/v2\/tags?post=142684"}],"curies":[{"name":"wp","href":"https:\/\/api.w.org\/{rel}","templated":true}]}}