{"id":142685,"date":"2022-03-08T13:00:00","date_gmt":"2022-03-08T18:00:00","guid":{"rendered":"https:\/\/linitiative.ca\/International\/le-congres-peruvien-reitere-son-soutien-au-plan-marocain-dautonomie\/"},"modified":"2022-03-08T13:00:00","modified_gmt":"2022-03-08T18:00:00","slug":"le-congres-peruvien-reitere-son-soutien-au-plan-marocain-dautonomie","status":"publish","type":"post","link":"https:\/\/linitiative.ca\/International\/le-congres-peruvien-reitere-son-soutien-au-plan-marocain-dautonomie\/","title":{"rendered":"Le Congr\u00e8s p\u00e9ruvien r\u00e9it\u00e8re son soutien au plan marocain d\u2019autonomie"},"content":{"rendered":"<div>\n<p class=\"has-text-align-center has-vivid-red-color has-text-color\"><strong>Sahara marocain<\/strong><\/p>\n<p class=\"has-black-color has-text-color\"><strong>Le pr\u00e9sident de la Commission des Affaires \u00e9trang\u00e8res du Congr\u00e8s p\u00e9ruvien, Ernesto Bustamante Donayre, a r\u00e9it\u00e9r\u00e9 le soutien de l\u2019institution l\u00e9gislative p\u00e9ruvienne au plan d\u2019autonomie dans le cadre de la souverainet\u00e9 du Royaume du Maroc et le respect de son int\u00e9grit\u00e9 territoriale.<\/strong><\/p>\n<p class=\"has-black-color has-text-color\">Dans une d\u00e9claration \u00e0 la presse \u00e0 l\u2019issue de son entretien avec le pr\u00e9sident de la Chambre des conseillers, Naama Mayara, le pr\u00e9sident de la Commission des Affaires \u00e9trang\u00e8res a relev\u00e9 que la position du Parlement p\u00e9ruvien consiste \u00e0 soutenir la solution propos\u00e9e par le Royaume en 2007, \u00e0 savoir le plan d\u2019autonomie des provinces du sud sous la pleine souverainet\u00e9 marocaine.<\/p>\n<p class=\"has-black-color has-text-color\">Par ailleurs, M. Bustamante Donayre a mis en relief l\u2019importance de promouvoir les \u00e9changes commerciaux et \u00e9conomiques entre les deux pays, notamment dans les domaines de l\u2019a\u00e9ronautique, l\u2019industrie automobile et les \u00e9nergies renouvelables.<\/p>\n<p class=\"has-black-color has-text-color\">Pour sa part, le pr\u00e9sident de la Chambre des Conseillers a affirm\u00e9 que le Maroc est d\u00e9termin\u00e9 \u00e0 aller de l\u2019avant dans la cons\u00e9cration de la r\u00e9gionalisation avanc\u00e9e, soulignant que l\u2019unique solution au conflit artificiel autour du Sahara marocain doit se faire dans le cadre de l\u2019initiative marocaine d\u2019autonomie.<\/p>\n<p class=\"has-black-color has-text-color\">Il a insist\u00e9 sur l\u2019importance de renforcer les relations entre les deux Chambres du Parlement marocain et le Congr\u00e8s p\u00e9ruvien, mettant l\u2019accent sur le r\u00f4le essentiel de l\u2019institution l\u00e9gislative dans la consolidation des relations \u00e9conomiques et commerciales entre les deux pays, notamment dans les domaines de la p\u00eache maritime, des \u00e9nergie renouvelables, de l\u2019a\u00e9ronautique et de l\u2019industrie automobile.<\/p>\n<p>L\u2019article <a rel=\"nofollow\" href=\"http:\/\/albayane.press.ma\/le-congres-peruvien-reitere-son-soutien-au-plan-marocain-dautonomie.html\">Le Congr\u00e8s p\u00e9ruvien r\u00e9it\u00e8re son soutien au plan marocain d\u2019autonomie<\/a> est apparu en premier sur <a rel=\"nofollow\" href=\"http:\/\/albayane.press.ma\/\">ALBAYANE<\/a>.<\/p>\n<\/div>\n<p>Auteur: M&rsquo;hammed rahal<br \/>\n<a href=\"http:\/\/albayane.press.ma\/le-congres-peruvien-reitere-son-soutien-au-plan-marocain-dautonomie.html\">Cliquez ici pour lire l&rsquo;article depuis sa source.<\/a><\/p>\n","protected":false},"excerpt":{"rendered":"<p>Sahara marocain Le pr\u00e9sident de la Commission des Affaires \u00e9trang\u00e8res du Congr\u00e8s p\u00e9ruvien, Ernesto Bustamante Donayre, a r\u00e9it\u00e9r\u00e9 le soutien de l\u2019institution l\u00e9gislative p\u00e9ruvienne au plan d\u2019autonomie dans le cadre de la souverainet\u00e9 du Royaume du Maroc et le respect de son int\u00e9grit\u00e9 territoriale. Dans une d\u00e9claration \u00e0 la presse \u00e0 l\u2019issue de son entretien [&hellip;]<\/p>\n","protected":false},"author":1760,"featured_media":0,"comment_status":"closed","ping_status":"closed","sticky":false,"template":"","format":"standard","meta":{"fifu_image_url":"","fifu_image_alt":"","footnotes":""},"categories":[73,54],"tags":[],"class_list":["post-142685","post","type-post","status-publish","format-standard","hentry","category-actualite","category-maroc"],"_links":{"self":[{"href":"https:\/\/linitiative.ca\/International\/wp-json\/wp\/v2\/posts\/142685","targetHints":{"allow":["GET"]}}],"collection":[{"href":"https:\/\/linitiative.ca\/International\/wp-json\/wp\/v2\/posts"}],"about":[{"href":"https:\/\/linitiative.ca\/International\/wp-json\/wp\/v2\/types\/post"}],"author":[{"embeddable":true,"href":"https:\/\/linitiative.ca\/International\/wp-json\/wp\/v2\/users\/1760"}],"replies":[{"embeddable":true,"href":"https:\/\/linitiative.ca\/International\/wp-json\/wp\/v2\/comments?post=142685"}],"version-history":[{"count":0,"href":"https:\/\/linitiative.ca\/International\/wp-json\/wp\/v2\/posts\/142685\/revisions"}],"wp:attachment":[{"href":"https:\/\/linitiative.ca\/International\/wp-json\/wp\/v2\/media?parent=142685"}],"wp:term":[{"taxonomy":"category","embeddable":true,"href":"https:\/\/linitiative.ca\/International\/wp-json\/wp\/v2\/categories?post=142685"},{"taxonomy":"post_tag","embeddable":true,"href":"https:\/\/linitiative.ca\/International\/wp-json\/wp\/v2\/tags?post=142685"}],"curies":[{"name":"wp","href":"https:\/\/api.w.org\/{rel}","templated":true}]}}