{"id":142686,"date":"2022-03-08T13:00:00","date_gmt":"2022-03-08T18:00:00","guid":{"rendered":"https:\/\/linitiative.ca\/International\/la-pseudo-rasd-nexiste-pas\/"},"modified":"2022-03-08T13:00:00","modified_gmt":"2022-03-08T18:00:00","slug":"la-pseudo-rasd-nexiste-pas","status":"publish","type":"post","link":"https:\/\/linitiative.ca\/International\/la-pseudo-rasd-nexiste-pas\/","title":{"rendered":"La pseudo \u00ab rasd \u00bb n\u2019existe pas"},"content":{"rendered":"<div>\n<p class=\"has-text-align-center has-vivid-red-color has-text-color\"><strong>Pour Josep Borrell et pour l\u2019Europe<\/strong><\/p>\n<p class=\"has-black-color has-text-color\"><strong>Le chef de la diplomatie europ\u00e9enne, Josep Borrell a r\u00e9it\u00e9r\u00e9 la position de l\u2019Union europ\u00e9enne (UE) au sujet de la non reconnaissance de la pseudo \u00ab rasd \u00bb et de la question du Sahara marocain.<\/strong><\/p>\n<p class=\"has-black-color has-text-color\">\u00ab Aucun des \u00c9tats membres de l\u2019Union europ\u00e9enne ne reconna\u00eet la rasd et la participation au Sommet (UE-UA) ne change rien \u00e0 la position de l\u2019Union europ\u00e9enne et de ses \u00c9tats membres \u00bb, \u00e9crit Borrel dans une r\u00e9ponse \u00e0 un eurod\u00e9put\u00e9, publi\u00e9e sur le site du Parlement europ\u00e9en.<\/p>\n<p class=\"has-black-color has-text-color\">\u00ab Cela n\u2019a aucune incidence sur la position de l\u2019Union europ\u00e9enne \u00bb, a-t-il insist\u00e9, notant que la position de l\u2019UE \u00e0 l\u2019\u00e9gard de la question du Sahara est bien connue et reste inchang\u00e9e.<\/p>\n<p class=\"has-black-color has-text-color\">L\u2019Union europ\u00e9enne, a-t-il ajout\u00e9, \u00absoutient fermement les efforts d\u00e9ploy\u00e9s par le Secr\u00e9taire g\u00e9n\u00e9ral des Nations unies et son Envoy\u00e9 personnel Staffan de Mistura pour poursuivre le processus politique visant \u00e0 parvenir \u00e0 une solution politique juste, r\u00e9aliste, pragmatique, durable et mutuellement acceptable \u00e0 la question du Sahara (\u2026) sur la base d\u2019un compromis et conform\u00e9ment aux r\u00e9solutions du Conseil de s\u00e9curit\u00e9 des Nations unies, en particulier la r\u00e9solution 2602 du 29 octobre 2021\u00bb.<\/p>\n<p class=\"has-black-color has-text-color\">Dans une question, qui lui avait \u00e9t\u00e9 adress\u00e9e \u00e0 la veille du sommet Union europ\u00e9enne-Union africaine qui s\u2019\u00e9tait tenu les 17 et 18 f\u00e9vrier \u00e0 Bruxelles, le d\u00e9put\u00e9 europ\u00e9en Tom\u00e1\u0161 Zdechovsk\u00fd avait soulign\u00e9 que la pr\u00e9sence du polisario \u00e9tait contraire aux valeurs et principes de l\u2019Europe relatifs aux droits humains et \u00e0 la d\u00e9mocratie. Il a rappel\u00e9 \u00e0 cet \u00e9gard, la situation dans les camps de Tindouf contr\u00f4l\u00e9s par le polisario, th\u00e9\u00e2tre de nombreuses violations des droits de l\u2019homme et qui sont devenus un vivier de recrutement de jeunes par le crime organis\u00e9 et les r\u00e9seaux djihadistes op\u00e9rant dans l\u2019espace sah\u00e9lo-saharien.<\/p>\n<p class=\"has-black-color has-text-color\">Cette situation, avait averti l\u2019eurod\u00e9put\u00e9 tch\u00e8que, aggrave l\u2019instabilit\u00e9 de cette r\u00e9gion strat\u00e9gique pour l\u2019UE, s\u2019interrogeant comment l\u2019UE pouvait-elle accueillir les dirigeants du groupe s\u00e9paratiste du polisario, soutenu et arm\u00e9 par l\u2019Alg\u00e9rie, dont certains outre le d\u00e9tournement de fonds europ\u00e9ens, sont poursuivis dans un \u00c9tat membre de l\u2019Union europ\u00e9enne, pour des crimes ignobles tels que le viol, la s\u00e9questration, la torture, l\u2019ex\u00e9cution et l\u2019usurpation d\u2019identit\u00e9 ?<\/p>\n<p>L\u2019article <a rel=\"nofollow\" href=\"http:\/\/albayane.press.ma\/la-pseudo-rasd-nexiste-pas.html\">La pseudo \u00ab rasd \u00bb n\u2019existe pas<\/a> est apparu en premier sur <a rel=\"nofollow\" href=\"http:\/\/albayane.press.ma\/\">ALBAYANE<\/a>.<\/p>\n<\/div>\n<p>Auteur: M&rsquo;hammed rahal<br \/>\n<a href=\"http:\/\/albayane.press.ma\/la-pseudo-rasd-nexiste-pas.html\">Cliquez ici pour lire l&rsquo;article depuis sa source.<\/a><\/p>\n","protected":false},"excerpt":{"rendered":"<p>Pour Josep Borrell et pour l\u2019Europe Le chef de la diplomatie europ\u00e9enne, Josep Borrell a r\u00e9it\u00e9r\u00e9 la position de l\u2019Union europ\u00e9enne (UE) au sujet de la non reconnaissance de la pseudo \u00ab rasd \u00bb et de la question du Sahara marocain. \u00ab Aucun des \u00c9tats membres de l\u2019Union europ\u00e9enne ne reconna\u00eet la rasd et la [&hellip;]<\/p>\n","protected":false},"author":1760,"featured_media":0,"comment_status":"closed","ping_status":"closed","sticky":false,"template":"","format":"standard","meta":{"fifu_image_url":"","fifu_image_alt":"","footnotes":""},"categories":[73,54],"tags":[],"class_list":["post-142686","post","type-post","status-publish","format-standard","hentry","category-actualite","category-maroc"],"_links":{"self":[{"href":"https:\/\/linitiative.ca\/International\/wp-json\/wp\/v2\/posts\/142686","targetHints":{"allow":["GET"]}}],"collection":[{"href":"https:\/\/linitiative.ca\/International\/wp-json\/wp\/v2\/posts"}],"about":[{"href":"https:\/\/linitiative.ca\/International\/wp-json\/wp\/v2\/types\/post"}],"author":[{"embeddable":true,"href":"https:\/\/linitiative.ca\/International\/wp-json\/wp\/v2\/users\/1760"}],"replies":[{"embeddable":true,"href":"https:\/\/linitiative.ca\/International\/wp-json\/wp\/v2\/comments?post=142686"}],"version-history":[{"count":0,"href":"https:\/\/linitiative.ca\/International\/wp-json\/wp\/v2\/posts\/142686\/revisions"}],"wp:attachment":[{"href":"https:\/\/linitiative.ca\/International\/wp-json\/wp\/v2\/media?parent=142686"}],"wp:term":[{"taxonomy":"category","embeddable":true,"href":"https:\/\/linitiative.ca\/International\/wp-json\/wp\/v2\/categories?post=142686"},{"taxonomy":"post_tag","embeddable":true,"href":"https:\/\/linitiative.ca\/International\/wp-json\/wp\/v2\/tags?post=142686"}],"curies":[{"name":"wp","href":"https:\/\/api.w.org\/{rel}","templated":true}]}}