{"id":142691,"date":"2022-03-09T13:42:19","date_gmt":"2022-03-09T18:42:19","guid":{"rendered":"https:\/\/linitiative.ca\/International\/reunion-de-travail-entre-lanafide-et-une-delegation-nigeriane\/"},"modified":"2022-03-09T13:42:19","modified_gmt":"2022-03-09T18:42:19","slug":"reunion-de-travail-entre-lanafide-et-une-delegation-nigeriane","status":"publish","type":"post","link":"https:\/\/linitiative.ca\/International\/reunion-de-travail-entre-lanafide-et-une-delegation-nigeriane\/","title":{"rendered":"R\u00e9union de travail entre l\u2019ANAFIDE et une d\u00e9l\u00e9gation nig\u00e9riane"},"content":{"rendered":"<div>\n<div style=\"margin-bottom:20px;\"><img loading=\"lazy\" decoding=\"async\" width=\"750\" height=\"430\" src=\"https:\/\/linitiative.ca\/International\/wp-content\/uploads\/sites\/23\/2022\/03\/video-dC3A9lC3A9g-nigC3A9riane.jpg\" class=\"attachment-post-thumbnail size-post-thumbnail wp-post-image\" alt=\"\" srcset=\"https:\/\/linitiative.ca\/International\/wp-content\/uploads\/sites\/23\/2022\/03\/video-dC3A9lC3A9g-nigC3A9riane.jpg 750w, https:\/\/www.mapmarrakech.ma\/map\/uploads\/2022\/03\/video-d\u00e9l\u00e9g-nig\u00e9riane-300x172.jpg 300w\" sizes=\"auto, (max-width: 750px) 100vw, 750px\"><\/div>\n<p>The post <a rel=\"nofollow\" href=\"https:\/\/www.mapmarrakech.ma\/fr\/reunion-de-travail-entre-lanafide-et-une-delegation-nigeriane-2\/\">R\u00e9union de travail entre l\u2019ANAFIDE et une d\u00e9l\u00e9gation nig\u00e9riane<\/a> appeared first on <a rel=\"nofollow\" href=\"https:\/\/www.mapmarrakech.ma\/fr\">MapMarrakech<\/a>.<\/p>\n<\/div>\n<p>Auteur: Mohammed KOURSI<br \/>\n<a href=\"https:\/\/www.mapmarrakech.ma\/fr\/reunion-de-travail-entre-lanafide-et-une-delegation-nigeriane-2\/\">Cliquez ici pour lire l&rsquo;article depuis sa source.<\/a><\/p>\n","protected":false},"excerpt":{"rendered":"<p>The post R\u00e9union de travail entre l\u2019ANAFIDE et une d\u00e9l\u00e9gation nig\u00e9riane appeared first on MapMarrakech. Auteur: Mohammed KOURSI Cliquez ici pour lire l&rsquo;article depuis sa source.<\/p>\n","protected":false},"author":1788,"featured_media":0,"comment_status":"closed","ping_status":"closed","sticky":false,"template":"","format":"standard","meta":{"fifu_image_url":"https:\/\/www.mapmarrakech.ma\/map\/uploads\/2022\/03\/video-d\u00e9l\u00e9g-nig\u00e9riane.jpg","fifu_image_alt":"R\u00e9union de travail entre l\u2019ANAFIDE et une d\u00e9l\u00e9gation nig\u00e9riane","footnotes":""},"categories":[54,76],"tags":[],"class_list":["post-142691","post","type-post","status-publish","format-standard","hentry","category-maroc","category-regions"],"_links":{"self":[{"href":"https:\/\/linitiative.ca\/International\/wp-json\/wp\/v2\/posts\/142691","targetHints":{"allow":["GET"]}}],"collection":[{"href":"https:\/\/linitiative.ca\/International\/wp-json\/wp\/v2\/posts"}],"about":[{"href":"https:\/\/linitiative.ca\/International\/wp-json\/wp\/v2\/types\/post"}],"author":[{"embeddable":true,"href":"https:\/\/linitiative.ca\/International\/wp-json\/wp\/v2\/users\/1788"}],"replies":[{"embeddable":true,"href":"https:\/\/linitiative.ca\/International\/wp-json\/wp\/v2\/comments?post=142691"}],"version-history":[{"count":0,"href":"https:\/\/linitiative.ca\/International\/wp-json\/wp\/v2\/posts\/142691\/revisions"}],"wp:attachment":[{"href":"https:\/\/linitiative.ca\/International\/wp-json\/wp\/v2\/media?parent=142691"}],"wp:term":[{"taxonomy":"category","embeddable":true,"href":"https:\/\/linitiative.ca\/International\/wp-json\/wp\/v2\/categories?post=142691"},{"taxonomy":"post_tag","embeddable":true,"href":"https:\/\/linitiative.ca\/International\/wp-json\/wp\/v2\/tags?post=142691"}],"curies":[{"name":"wp","href":"https:\/\/api.w.org\/{rel}","templated":true}]}}