{"id":142693,"date":"2022-03-09T09:10:55","date_gmt":"2022-03-09T14:10:55","guid":{"rendered":"https:\/\/linitiative.ca\/International\/el-jadida-deux-morts-et-des-disparus-suite-au-naufrage-dune-barque-de-peche\/"},"modified":"2022-03-09T09:10:55","modified_gmt":"2022-03-09T14:10:55","slug":"el-jadida-deux-morts-et-des-disparus-suite-au-naufrage-dune-barque-de-peche","status":"publish","type":"post","link":"https:\/\/linitiative.ca\/International\/el-jadida-deux-morts-et-des-disparus-suite-au-naufrage-dune-barque-de-peche\/","title":{"rendered":"El Jadida: Deux morts et des disparus suite au naufrage d&rsquo;une barque de p\u00eache"},"content":{"rendered":"<div>\n<div class=\"field field-name-body field-type-text-with-summary field-label-hidden\">\n<div class=\"field-items\">\n<div class=\"field-item even\" property=\"content:encoded\">\n<p class=\"rtejustify\">Deux personnes ont trouv\u00e9 la mort et cinq autres sont port\u00e9es disparues dans le naufrage, mercredi matin, d&rsquo;une barque de p\u00eache artisanale, \u00e0 environ 600 m\u00e8tres du port de p\u00eache d&rsquo;El Jadida, ont indiqu\u00e9 les autorit\u00e9s locales de la province.<\/p>\n<p class=\"rtejustify\">Selon des donn\u00e9es pr\u00e9liminaires, deux des sept membres de l&rsquo;\u00e9quipage ont p\u00e9ri dans ce naufrage, dont l&rsquo;un a succomb\u00e9 \u00e0 ses blessures apr\u00e8s son transfert au service des urgences de l&rsquo;h\u00f4pital Mohammed V d&rsquo;El Jadida. Des moyens mat\u00e9riels et humains ont \u00e9t\u00e9 d\u00e9ploy\u00e9s pour rechercher les personnes disparues.<\/p>\n<\/div>\n<\/div>\n<\/div>\n<\/div>\n<p>Auteur: hgueye<br \/>\n<a href=\"https:\/\/www.leconomiste.com\/flash-infos\/el-jadida-deux-morts-et-des-disparus-suite-au-naufrage-d-une-barque-de-peche\">Cliquez ici pour lire l&rsquo;article depuis sa source.<\/a><\/p>\n","protected":false},"excerpt":{"rendered":"<p>Deux personnes ont trouv\u00e9 la mort et cinq autres sont port\u00e9es disparues dans le naufrage, mercredi matin, d&rsquo;une barque de p\u00eache artisanale, \u00e0 environ 600 m\u00e8tres du port de p\u00eache d&rsquo;El Jadida, ont indiqu\u00e9 les autorit\u00e9s locales de la province. Selon des donn\u00e9es pr\u00e9liminaires, deux des sept membres de l&rsquo;\u00e9quipage ont p\u00e9ri dans ce naufrage, [&hellip;]<\/p>\n","protected":false},"author":1763,"featured_media":0,"comment_status":"closed","ping_status":"closed","sticky":false,"template":"","format":"standard","meta":{"fifu_image_url":"","fifu_image_alt":"","footnotes":""},"categories":[78,54],"tags":[],"class_list":["post-142693","post","type-post","status-publish","format-standard","hentry","category-economie","category-maroc"],"_links":{"self":[{"href":"https:\/\/linitiative.ca\/International\/wp-json\/wp\/v2\/posts\/142693","targetHints":{"allow":["GET"]}}],"collection":[{"href":"https:\/\/linitiative.ca\/International\/wp-json\/wp\/v2\/posts"}],"about":[{"href":"https:\/\/linitiative.ca\/International\/wp-json\/wp\/v2\/types\/post"}],"author":[{"embeddable":true,"href":"https:\/\/linitiative.ca\/International\/wp-json\/wp\/v2\/users\/1763"}],"replies":[{"embeddable":true,"href":"https:\/\/linitiative.ca\/International\/wp-json\/wp\/v2\/comments?post=142693"}],"version-history":[{"count":0,"href":"https:\/\/linitiative.ca\/International\/wp-json\/wp\/v2\/posts\/142693\/revisions"}],"wp:attachment":[{"href":"https:\/\/linitiative.ca\/International\/wp-json\/wp\/v2\/media?parent=142693"}],"wp:term":[{"taxonomy":"category","embeddable":true,"href":"https:\/\/linitiative.ca\/International\/wp-json\/wp\/v2\/categories?post=142693"},{"taxonomy":"post_tag","embeddable":true,"href":"https:\/\/linitiative.ca\/International\/wp-json\/wp\/v2\/tags?post=142693"}],"curies":[{"name":"wp","href":"https:\/\/api.w.org\/{rel}","templated":true}]}}